{"id":403886,"date":"2016-06-14T17:22:42","date_gmt":"2016-06-14T23:22:42","guid":{"rendered":"http:\/\/www.futboltotal.com.mx\/?p=403886"},"modified":"2016-06-14T17:23:47","modified_gmt":"2016-06-14T23:23:47","slug":"muere-trabajador-en-remodelacion-del-estadio-azteca","status":"publish","type":"post","link":"http:\/\/desarrollo.grupomedios.com\/futbol\/futbol-mexicano\/muere-trabajador-en-remodelacion-del-estadio-azteca\/2016\/06","title":{"rendered":"Muere trabajador en remodelaci\u00f3n del estadio Azteca"},"content":{"rendered":"<p>Un obrero muri\u00f3 hoy al caer de una altura de diez metros durante los trabajos de remodelaci\u00f3n del estadio Azteca en la capital mexicana, informaron las autoridades de seguridad p\u00fablica.<\/p>\n<p>Yair Barrera, de 23 a\u00f1os, se desplom\u00f3 en una zona de gradas pr\u00f3xima a los palcos del estadio, a\u00f1adi\u00f3 la versi\u00f3n oficial.<\/p>\n<p style=\"text-align: center;\"><span style=\"color: #3366ff;\"><strong><a style=\"color: #3366ff;\" href=\"http:\/\/www.futboltotal.com.mx\/futbol-mexicano\/\">LEER M\u00c1S: Todas las noticias de futbol mexicano<\/a><\/strong><\/span><\/p>\n<p>De acuerdo con medios de prensa el obrero no portaba equipo de seguridad y tras dar un paso en falso perdi\u00f3 el equilibrio y muri\u00f3 en forma instant\u00e1nea al golpearse la cabeza.<\/p>\n<p>El estadio Azteca se encuentra bajo una remodelaci\u00f3n de sus interiores con motivo de sus 50 a\u00f1os de fundaci\u00f3n que se cumplieron el pasado mes de mayo.<\/p>\n","protected":false},"excerpt":{"rendered":"<p>Un joven de 23 a\u00f1os perdi\u00f3 la vida tras caer desde una altura de 10 metros<\/p>\n","protected":false},"author":144,"featured_media":403887,"comment_status":"closed","ping_status":"closed","sticky":false,"template":"","format":"standard","meta":[],"categories":[2198,3845],"tags":[554],"_links":{"self":[{"href":"http:\/\/desarrollo.grupomedios.com\/futbol\/wp-json\/wp\/v2\/posts\/403886"}],"collection":[{"href":"http:\/\/desarrollo.grupomedios.com\/futbol\/wp-json\/wp\/v2\/posts"}],"about":[{"href":"http:\/\/desarrollo.grupomedios.com\/futbol\/wp-json\/wp\/v2\/types\/post"}],"author":[{"embeddable":true,"href":"http:\/\/desarrollo.grupomedios.com\/futbol\/wp-json\/wp\/v2\/users\/144"}],"replies":[{"embeddable":true,"href":"http:\/\/desarrollo.grupomedios.com\/futbol\/wp-json\/wp\/v2\/comments?post=403886"}],"version-history":[{"count":0,"href":"http:\/\/desarrollo.grupomedios.com\/futbol\/wp-json\/wp\/v2\/posts\/403886\/revisions"}],"wp:featuredmedia":[{"embeddable":true,"href":"http:\/\/desarrollo.grupomedios.com\/futbol\/wp-json\/wp\/v2\/media\/403887"}],"wp:attachment":[{"href":"http:\/\/desarrollo.grupomedios.com\/futbol\/wp-json\/wp\/v2\/media?parent=403886"}],"wp:term":[{"taxonomy":"category","embeddable":true,"href":"http:\/\/desarrollo.grupomedios.com\/futbol\/wp-json\/wp\/v2\/categories?post=403886"},{"taxonomy":"post_tag","embeddable":true,"href":"http:\/\/desarrollo.grupomedios.com\/futbol\/wp-json\/wp\/v2\/tags?post=403886"}],"curies":[{"name":"wp","href":"https:\/\/api.w.org\/{rel}","templated":true}]}}