{"id":403890,"date":"2016-06-14T18:44:32","date_gmt":"2016-06-15T00:44:32","guid":{"rendered":"http:\/\/www.futboltotal.com.mx\/?p=403890"},"modified":"2016-06-14T18:47:53","modified_gmt":"2016-06-15T00:47:53","slug":"matyas-almeyda-ferguson-chivas","status":"publish","type":"post","link":"http:\/\/desarrollo.grupomedios.com\/futbol\/futbol-mexicano\/matyas-almeyda-ferguson-chivas\/2016\/06","title":{"rendered":"Mat\u00edas Almeyda ser\u00e1 el Ferguson de Chivas"},"content":{"rendered":"<p>El\u00a0organigrama de <strong>Chivas<\/strong> tendr\u00e1 cambios importantes despu\u00e9s de\u00a0la salida de Jaime Ordiales, destituido este martes tras desempe\u00f1ar nueve meses el cargo de\u00a0Director Deportivo. El propietario del <em>Reba\u00f1o<\/em>, Jorge Vergara, ha decidido que el manejo operativo del club quede en manos del director t\u00e9cnico <strong>Mat\u00edas Almeyda<\/strong> y el director general <strong>Jos\u00e9 Luis Higuera<\/strong>.<\/p>\n<p>&#8220;Vergara quiere otro modelo deportivo que ser\u00e1 comandado por\u00a0Mat\u00edas Almeyda e Higuera\u201d, admiti\u00f3 Ordiales tras dar una conferencia de prensa para anunciar su salida del conjunto tapat\u00edo.<\/p>\n<p style=\"text-align: center;\"><span style=\"color: #3366ff;\"><strong><a style=\"color: #3366ff;\" href=\"http:\/\/www.futboltotal.com.mx\/2016\/06\/jaime-ordiales-sale-chivas\/\">LEER M\u00c1S: OFICIAL: Chivas destituye a Jaime Ordiales<\/a><\/strong><\/span><\/p>\n<p>La estructura de <strong>Chivas\u00a0<\/strong>operar\u00e1 bajo un modelo similar al que utilizan varios clubes ingleses, entre ellos el Manchester United, en el cual hay un <em>manager<\/em> que se encarga de gestionar todos los asuntos relacionados con el \u00e1rea deportiva. No es casualidad que el estratega argentino haya quedado ligado al club por cinco a\u00f1os, pues la intenci\u00f3n de Vergara es que sea la cabeza principal del ambicioso proyecto y dirija todo lo relacionado a dicho sector.<\/p>\n<p>As\u00ed pues, el <em>Pelado<\/em> <strong>Almeyda <\/strong>no solo ser\u00e1 el encargado de dirigir al primer equipo, sino tambi\u00e9n desempe\u00f1ar\u00e1\u00a0funciones alternas en las fuerzas b\u00e1sicas, en el \u00e1rea m\u00e9dica y de nutrici\u00f3n y, por supuesto, tendr\u00e1 injerencia directa en la elecci\u00f3n de refuerzos, venta de jugadores y cambios en el cuerpo t\u00e9cnico.<\/p>\n<p>En la parte operativa y financiera de la instituci\u00f3n ser\u00e1 Jos\u00e9 Luis Higuera el encargado de realizar la toma de decisiones y proporcionar los recursos econ\u00f3micos para las decisiones que tome <strong>Mat\u00edas Almeyda<\/strong>. Asimismo tendr\u00e1 comunicaci\u00f3n directa con Mariano Varela, quien tendr\u00e1 a cargo la gerencia deportiva de la instituci\u00f3n, y con el propietario del club Jorge Vergara.<\/p>\n<p>&nbsp;<\/p>\n","protected":false},"excerpt":{"rendered":"<p>El Reba\u00f1o tendr\u00e1 estructura deportiva al estilo de la Premier League<\/p>\n","protected":false},"author":20,"featured_media":403898,"comment_status":"closed","ping_status":"closed","sticky":false,"template":"","format":"standard","meta":[],"categories":[2198,3845],"tags":[7192],"_links":{"self":[{"href":"http:\/\/desarrollo.grupomedios.com\/futbol\/wp-json\/wp\/v2\/posts\/403890"}],"collection":[{"href":"http:\/\/desarrollo.grupomedios.com\/futbol\/wp-json\/wp\/v2\/posts"}],"about":[{"href":"http:\/\/desarrollo.grupomedios.com\/futbol\/wp-json\/wp\/v2\/types\/post"}],"author":[{"embeddable":true,"href":"http:\/\/desarrollo.grupomedios.com\/futbol\/wp-json\/wp\/v2\/users\/20"}],"replies":[{"embeddable":true,"href":"http:\/\/desarrollo.grupomedios.com\/futbol\/wp-json\/wp\/v2\/comments?post=403890"}],"version-history":[{"count":0,"href":"http:\/\/desarrollo.grupomedios.com\/futbol\/wp-json\/wp\/v2\/posts\/403890\/revisions"}],"wp:featuredmedia":[{"embeddable":true,"href":"http:\/\/desarrollo.grupomedios.com\/futbol\/wp-json\/wp\/v2\/media\/403898"}],"wp:attachment":[{"href":"http:\/\/desarrollo.grupomedios.com\/futbol\/wp-json\/wp\/v2\/media?parent=403890"}],"wp:term":[{"taxonomy":"category","embeddable":true,"href":"http:\/\/desarrollo.grupomedios.com\/futbol\/wp-json\/wp\/v2\/categories?post=403890"},{"taxonomy":"post_tag","embeddable":true,"href":"http:\/\/desarrollo.grupomedios.com\/futbol\/wp-json\/wp\/v2\/tags?post=403890"}],"curies":[{"name":"wp","href":"https:\/\/api.w.org\/{rel}","templated":true}]}}