{"id":403903,"date":"2016-06-14T19:06:46","date_gmt":"2016-06-15T01:06:46","guid":{"rendered":"http:\/\/www.futboltotal.com.mx\/?p=403903"},"modified":"2016-06-14T19:06:46","modified_gmt":"2016-06-15T01:06:46","slug":"terrible-error-del-portero-claudio-bravo","status":"publish","type":"post","link":"http:\/\/desarrollo.grupomedios.com\/futbol\/videos\/terrible-error-del-portero-claudio-bravo\/2016\/06","title":{"rendered":"\u00a1Terrible error del portero Claudio Bravo!"},"content":{"rendered":"<p>El portero de <strong>Chile<\/strong>, <strong>Claudio Bravo<\/strong>, cometi\u00f3 un garrafal error en el \u00faltimo duelo de Fase de Grupos de la <strong>Copa Am\u00e9rica<\/strong>\u00a0<strong>Centenario\u00a0<\/strong>ante <strong>Panam\u00e1<\/strong>: fue incapaz de contener un tiro de larga distancia de Manuel Camargo y el bal\u00f3n acabo en el fondo de las redes permitiendo a los <em>Canaleros<\/em>\u00a0abrir el marcador al minuto 5.<\/p>\n<p style=\"text-align: center;\"><span style=\"color: #3366ff;\"><a style=\"color: #3366ff;\" href=\"http:\/\/www.futboltotal.com.mx\/2016\/06\/definidos-los-cuartos-final-copa-america\/\"><strong>LEER M\u00c1S: Los Cuartos de Final de la Copa Am\u00e9rica<\/strong><\/a><\/span><\/p>\n<p><iframe loading=\"lazy\" src=\"https:\/\/www.youtube.com\/embed\/O9NEjHcfIoM\" frameborder=\"0\" allowfullscreen=\"allowfullscreen\"><\/iframe><\/p>\n","protected":false},"excerpt":{"rendered":"<p>El arquero chileno se comi\u00f3 un gol en el duelo ante Panam\u00e1<\/p>\n","protected":false},"author":20,"featured_media":403908,"comment_status":"closed","ping_status":"closed","sticky":false,"template":"","format":"standard","meta":[],"categories":[6950,3839,4,6960],"tags":[406,5595,2130],"_links":{"self":[{"href":"http:\/\/desarrollo.grupomedios.com\/futbol\/wp-json\/wp\/v2\/posts\/403903"}],"collection":[{"href":"http:\/\/desarrollo.grupomedios.com\/futbol\/wp-json\/wp\/v2\/posts"}],"about":[{"href":"http:\/\/desarrollo.grupomedios.com\/futbol\/wp-json\/wp\/v2\/types\/post"}],"author":[{"embeddable":true,"href":"http:\/\/desarrollo.grupomedios.com\/futbol\/wp-json\/wp\/v2\/users\/20"}],"replies":[{"embeddable":true,"href":"http:\/\/desarrollo.grupomedios.com\/futbol\/wp-json\/wp\/v2\/comments?post=403903"}],"version-history":[{"count":0,"href":"http:\/\/desarrollo.grupomedios.com\/futbol\/wp-json\/wp\/v2\/posts\/403903\/revisions"}],"wp:featuredmedia":[{"embeddable":true,"href":"http:\/\/desarrollo.grupomedios.com\/futbol\/wp-json\/wp\/v2\/media\/403908"}],"wp:attachment":[{"href":"http:\/\/desarrollo.grupomedios.com\/futbol\/wp-json\/wp\/v2\/media?parent=403903"}],"wp:term":[{"taxonomy":"category","embeddable":true,"href":"http:\/\/desarrollo.grupomedios.com\/futbol\/wp-json\/wp\/v2\/categories?post=403903"},{"taxonomy":"post_tag","embeddable":true,"href":"http:\/\/desarrollo.grupomedios.com\/futbol\/wp-json\/wp\/v2\/tags?post=403903"}],"curies":[{"name":"wp","href":"https:\/\/api.w.org\/{rel}","templated":true}]}}