{"id":403912,"date":"2016-06-14T19:58:30","date_gmt":"2016-06-15T01:58:30","guid":{"rendered":"http:\/\/www.futboltotal.com.mx\/?p=403912"},"modified":"2016-06-14T20:24:00","modified_gmt":"2016-06-15T02:24:00","slug":"chile-rival-mexico-en-cuartos-final","status":"publish","type":"post","link":"http:\/\/desarrollo.grupomedios.com\/futbol\/destacado-home\/chile-rival-mexico-en-cuartos-final\/2016\/06","title":{"rendered":"Chile, rival de M\u00e9xico en Cuartos de Final"},"content":{"rendered":"<p>La selecci\u00f3n de<strong> Chile<\/strong>\u00a0sell\u00f3 el boleto a los <strong>Cuartos de Final de la Copa Am\u00e9rica Centenario<\/strong> tras imponerse 4-2 a <strong>Panam\u00e1<\/strong> en el \u00faltimo duelo de Fase de Grupos. Los <em>Andinos<\/em> clasificaron como primer lugar del Grupo D y ser\u00e1n el rival que enfrentar\u00e1 <strong>M\u00e9xico<\/strong> el pr\u00f3ximo domingo.<\/p>\n<p><em>La Roja<\/em> acab\u00f3 con la ilusi\u00f3n de los <em>Canaleros<\/em> en un intenso partido en el que dio un golpe de autoridad y anul\u00f3 un gol tempranero de Miguel Camargo (5&#8242;) con un par de dobletes de Eduardo Vargas (15&#8242;, 43&#8242;) y Alexis S\u00e1nchez (50&#8242;, 89&#8242;).<\/p>\n<p style=\"text-align: center;\"><span style=\"color: #3366ff;\"><strong><a style=\"color: #3366ff;\" href=\"http:\/\/www.futboltotal.com.mx\/2016\/06\/definidos-los-cuartos-final-copa-america\/\">LEER M\u00c1S: Cuartos de Final de la Copa Am\u00e9rica al momento<\/a><\/strong><\/span><\/p>\n<p><iframe loading=\"lazy\" src=\"https:\/\/www.youtube.com\/embed\/pnWwxbEZ9nk\" frameborder=\"0\" allowfullscreen=\"allowfullscreen\"><\/iframe><br \/>\n<strong>Chile<\/strong>, vigente campe\u00f3n de la justa, enmend\u00f3 la pifia que<strong> Claudio Bravo<\/strong> cometi\u00f3 ante el fogonazo de Camargo, gracias a una excelente jugada colectiva en la que contrarremat\u00f3 Vargas tras un potente tiro que ataj\u00f3 el arquero Jaime Penedo.<\/p>\n<p>La escuadra de Juan Atonio Pizzi le dio la vuelta al marcador, cuando el propio Vargas aprovech\u00f3 la displicencia en zaga paname\u00f1a y perfor\u00f3 las redes con un frentazo. Y en el arranque de la parte complementaria ejecutaron una jugada electrizante por la banda derecha que capitaliz\u00f3 Alexis S\u00e1nchez con un espl\u00e9ndido remate de volea.<\/p>\n<p><strong>Panam\u00e1<\/strong>, debutante en el certamen, dio pelea hasta el final y consigui\u00f3 descontar en el marcador tras una jugada a bal\u00f3n parado, en la que apareci\u00f3 Abdiel Arroyo (75&#8242;) para rematar al borde del \u00e1rea chica y batir a un titubeante Claudio Bravo, quien pudo haber hecho m\u00e1s para evitar la anotaci\u00f3n. Pero Chile se encarg\u00f3 de meterla en cintura con un frentazo de Alexis S\u00e1nchez (89&#8242;).<\/p>\n<p><strong>Chile<\/strong> termin\u00f3 con seis puntos en el segundo puesto del Grupo D y tendr\u00e1 que medirse ante <strong>M\u00e9xic<\/strong>o. En tanto <strong>Panam\u00e1<\/strong> se despide de la justa al quedar estancada con tres puntos en el tercer puesto del pelot\u00f3n.<\/p>\n","protected":false},"excerpt":{"rendered":"<p>La Roja sigue a la defensa del titulo y vence 3-2 a Panam\u00e1<\/p>\n","protected":false},"author":20,"featured_media":403913,"comment_status":"closed","ping_status":"closed","sticky":false,"template":"","format":"standard","meta":[],"categories":[6950,5,6953,3847],"tags":[406,2130,65],"_links":{"self":[{"href":"http:\/\/desarrollo.grupomedios.com\/futbol\/wp-json\/wp\/v2\/posts\/403912"}],"collection":[{"href":"http:\/\/desarrollo.grupomedios.com\/futbol\/wp-json\/wp\/v2\/posts"}],"about":[{"href":"http:\/\/desarrollo.grupomedios.com\/futbol\/wp-json\/wp\/v2\/types\/post"}],"author":[{"embeddable":true,"href":"http:\/\/desarrollo.grupomedios.com\/futbol\/wp-json\/wp\/v2\/users\/20"}],"replies":[{"embeddable":true,"href":"http:\/\/desarrollo.grupomedios.com\/futbol\/wp-json\/wp\/v2\/comments?post=403912"}],"version-history":[{"count":0,"href":"http:\/\/desarrollo.grupomedios.com\/futbol\/wp-json\/wp\/v2\/posts\/403912\/revisions"}],"wp:featuredmedia":[{"embeddable":true,"href":"http:\/\/desarrollo.grupomedios.com\/futbol\/wp-json\/wp\/v2\/media\/403913"}],"wp:attachment":[{"href":"http:\/\/desarrollo.grupomedios.com\/futbol\/wp-json\/wp\/v2\/media?parent=403912"}],"wp:term":[{"taxonomy":"category","embeddable":true,"href":"http:\/\/desarrollo.grupomedios.com\/futbol\/wp-json\/wp\/v2\/categories?post=403912"},{"taxonomy":"post_tag","embeddable":true,"href":"http:\/\/desarrollo.grupomedios.com\/futbol\/wp-json\/wp\/v2\/tags?post=403912"}],"curies":[{"name":"wp","href":"https:\/\/api.w.org\/{rel}","templated":true}]}}