{"id":403943,"date":"2016-06-15T09:47:35","date_gmt":"2016-06-15T15:47:35","guid":{"rendered":"http:\/\/www.futboltotal.com.mx\/?p=403943"},"modified":"2016-06-15T11:52:07","modified_gmt":"2016-06-15T17:52:07","slug":"en-vivo-rumania-vs-suiza-eurocopa-2016","status":"publish","type":"post","link":"http:\/\/desarrollo.grupomedios.com\/futbol\/futbol-internacional\/en-vivo-rumania-vs-suiza-eurocopa-2016\/2016\/06","title":{"rendered":"AS\u00cd SE VIVI\u00d3 | Rumania 1-1 Suiza | Euro 2016"},"content":{"rendered":"<p><a class=\"twitter-timeline\" href=\"https:\/\/twitter.com\/UEFAcom_es\">Tweets by UEFAcom_es<\/a><script src=\"\/\/platform.twitter.com\/widgets.js\" async=\"\" charset=\"utf-8\"><\/script><\/p>\n<p>En el Parque de los Pr\u00edncipes, de la ciudad de Par\u00eds, <strong>Rumania<\/strong> y <strong>Suiza<\/strong> se miden en su segundo encuentro de la fase de grupos de la <strong>Eurocopa 2016<\/strong>; las acciones comienzan a las 11:00 horas del tiempo del centro de M\u00e9xico, donde los rumanos buscan sus primeros tres puntos ante un conjunto suizo que ya conoci\u00f3 la victoria.<\/p>\n<p><strong>Suiza<\/strong> busca cerrar su clasificaci\u00f3n para octavos de final de la <strong>Eurocopa<\/strong> por vez primera en su historia ante una <strong>Rumania<\/strong> que persigue sumar sus primeros puntos y mantenerse en la lucha por continuar adelante en la competici\u00f3n.<\/p>\n<p>Pese a la mediocre imagen que dejaron los helv\u00e9ticos en su estreno en la competici\u00f3n ante Albania, el combinado que dirige Vladimir Petkovic obtuvo un ajustado triunfo que les permite seguir sus planes.<\/p>\n<p>\u00c9stos pasaban por lograr el pase a octavos en los dos primeros partidos y jugarse el primer puesto del grupo A contra Francia en el duelo directo contra los anfitriones que se disputar\u00e1 el pr\u00f3ximo domingo en Lille. Para ello, es necesario que ganen a <strong>Rumania<\/strong>, lo que ser\u00eda su tercer triunfo en la competici\u00f3n en toda su historia.<\/p>\n<p>En t\u00e9rminos de puntos, los planes van como estaba previsto, pero la selecci\u00f3n es consciente de que la imagen frente a Albania, que con un hombre menos tras la expulsi\u00f3n de Lorik Cana goz\u00f3 de opciones de empate, no permite ser muy optimistas, con sus estrellas en bajo rendimiento, que han despertado cr\u00edticas entre la afici\u00f3n.<\/p>\n<p>Stephan Lichtsteiner no brill\u00f3 al nivel que se esperaba de \u00e9l y Haris Seferovic no fue muy eficaz de cara al gol, por lo que ambos han recibido constantes mensajes de apoyo de sus compa\u00f1eros de selecci\u00f3n.<\/p>\n<p>En el entorno de los helv\u00e9ticos, conf\u00edan en que a medida que avance la competici\u00f3n el juego mejore, por lo que en estos primeros partidos destacan la importancia de lograr buenos resultados.<\/p>\n<p>Adem\u00e1s, saben que enfrente tendr\u00e1n a una selecci\u00f3n rumana con m\u00e1s urgencias, puesto que la derrota ante Francia en el partido inaugural les deja al borde del abismo y les obligar\u00e1 a abrir un poco m\u00e1s su cascar\u00f3n, el que les permiti\u00f3 clasificarse para la Eurocopa como la selecci\u00f3n menos goleada del continente.<\/p>\n<p>En <strong>Suiza<\/strong> se recuerda ahora con a\u00f1oranza el duelo que les midi\u00f3 a los rumanos en el Mundial de 1994, considerado por la prensa helv\u00e9tica como el mejor de los suyos en una fase final.<\/p>\n<p>Frente a una selecci\u00f3n liderada por Gica Hagi y ya dirigida por Anghel Iordanescu, los suizos se impusieron 4-1 y dejaron certificada su clasificaci\u00f3n para la segunda ronda del Mundial tras 28 a\u00f1os de ausencia.<\/p>\n<p>Los rumanos prefieren acordarse m\u00e1s de la derrota que les infringieron para dejarles fuera de la Eurocopa de 1992 a los suizos y para repetirlo cuentan con repetir la buena imagen que dejaron en el Estadio de Francia en el partido inaugural contra Francia.<\/p>\n<p>Solo un gol de Dimitri Payet a falta de un minuto para que se agotaran los reglamentarios les dej\u00f3 sin puntos, pero mostraron descaro y personalidad para oponerse a los locales ante un p\u00fablico enfervorecido.<\/p>\n<p>Pese a la derrota, los rumanos tutearon a Francia, que forma parte de las favoritas, y estuvieron lejos de ser una selecci\u00f3n solo defensiva.<\/p>\n<p>Iordanescu reconoci\u00f3 al t\u00e9rmino del encuentro que ser\u00e1 complicado restablecer la moral de sus tropas tras haber recibido el hachazo de un gol tan postrero, pero se mostr\u00f3 confiado en que su legi\u00f3n volver\u00e1 a ser competitiva.<\/p>\n<p><strong>Rumania vs. Suiza<\/strong>, \u00bfQui\u00e9n ganar\u00e1 este partido, <em>cracks<\/em>?<\/p>\n","protected":false},"excerpt":{"rendered":"<p>Los rumanos buscan su primera victoria<\/p>\n","protected":false},"author":20,"featured_media":403983,"comment_status":"closed","ping_status":"closed","sticky":false,"template":"","format":"standard","meta":[],"categories":[6995,3839,6999],"tags":[6152,1254,451],"_links":{"self":[{"href":"http:\/\/desarrollo.grupomedios.com\/futbol\/wp-json\/wp\/v2\/posts\/403943"}],"collection":[{"href":"http:\/\/desarrollo.grupomedios.com\/futbol\/wp-json\/wp\/v2\/posts"}],"about":[{"href":"http:\/\/desarrollo.grupomedios.com\/futbol\/wp-json\/wp\/v2\/types\/post"}],"author":[{"embeddable":true,"href":"http:\/\/desarrollo.grupomedios.com\/futbol\/wp-json\/wp\/v2\/users\/20"}],"replies":[{"embeddable":true,"href":"http:\/\/desarrollo.grupomedios.com\/futbol\/wp-json\/wp\/v2\/comments?post=403943"}],"version-history":[{"count":0,"href":"http:\/\/desarrollo.grupomedios.com\/futbol\/wp-json\/wp\/v2\/posts\/403943\/revisions"}],"wp:featuredmedia":[{"embeddable":true,"href":"http:\/\/desarrollo.grupomedios.com\/futbol\/wp-json\/wp\/v2\/media\/403983"}],"wp:attachment":[{"href":"http:\/\/desarrollo.grupomedios.com\/futbol\/wp-json\/wp\/v2\/media?parent=403943"}],"wp:term":[{"taxonomy":"category","embeddable":true,"href":"http:\/\/desarrollo.grupomedios.com\/futbol\/wp-json\/wp\/v2\/categories?post=403943"},{"taxonomy":"post_tag","embeddable":true,"href":"http:\/\/desarrollo.grupomedios.com\/futbol\/wp-json\/wp\/v2\/tags?post=403943"}],"curies":[{"name":"wp","href":"https:\/\/api.w.org\/{rel}","templated":true}]}}