{"id":403958,"date":"2016-06-15T09:47:03","date_gmt":"2016-06-15T15:47:03","guid":{"rendered":"http:\/\/www.futboltotal.com.mx\/?p=403958"},"modified":"2016-06-15T09:47:03","modified_gmt":"2016-06-15T15:47:03","slug":"ibrahimovic-en-prevista-juegos-olimpicos","status":"publish","type":"post","link":"http:\/\/desarrollo.grupomedios.com\/futbol\/futbol-internacional\/ibrahimovic-en-prevista-juegos-olimpicos\/2016\/06","title":{"rendered":"Zlatan, en lista de refuerzos para Juegos Ol\u00edmpicos"},"content":{"rendered":"<p><strong>Suecia<\/strong> ha incluido al delantero <strong>Zlatan Ibrahimovic<\/strong> en la lista de 35 jugadores preseleccionados para representar a este pa\u00eds escandinavo en los <strong>Juegos Ol\u00edmpicos de R\u00edo de Janeiro<\/strong> difundida hoy por la Federaci\u00f3n Sueca de F\u00fatbol.<\/p>\n<p>El seleccionador sueco, H\u00e5kan Ericson, admiti\u00f3 que la presencia de <em>Ibra<\/em>\u00a0en la convocatoria final depender\u00e1 en gran medida del pr\u00f3ximo club por el que fiche el jugador, sin equipo tras acabar su contrato con el PSG y al que se vincula con el Manchester United.<\/p>\n<p style=\"text-align: center;\"><span style=\"color: #3366ff;\"><strong><a style=\"color: #3366ff;\" href=\"http:\/\/www.futboltotal.com.mx\/eurocopa-2016\/\">LEER M\u00c1S: \u00a0Todas las noticias de la Eurocopa<\/a><\/strong><\/span><\/p>\n<p>&#8220;He hablado con Zlatan, puede ser una nueva fase en su carrera. Mantendr\u00e9 abiertas todas las posibilidades, por peque\u00f1as que sean. Las opciones no son muchas, pero tengo esperanza&#8221;, declar\u00f3 Ericson.<\/p>\n<p>En la lista provisional, que puede incluir a tres jugadores mayores de 23 a\u00f1os, figuran tambi\u00e9n otros dos que como &#8220;Ibra&#8221; forman parte de la selecci\u00f3n sueca que est\u00e1 disputando la Eurocopa de Francia, los defensas Ludwig Augustinsson y Victor Nilsson Lindel\u00f6f.<\/p>\n<p>Suecia, \u00faltima campeona sub-21 europea, est\u00e1 encuadrada en el mismo grupo que Colombia, Nigeria y Jap\u00f3n.<\/p>\n","protected":false},"excerpt":{"rendered":"<p>El delantero sueco tiene amplias posibilidades para ir a R\u00edo 2016 <\/p>\n","protected":false},"author":20,"featured_media":403963,"comment_status":"closed","ping_status":"closed","sticky":false,"template":"","format":"standard","meta":[],"categories":[3839,7182,5951],"tags":[849,6059],"_links":{"self":[{"href":"http:\/\/desarrollo.grupomedios.com\/futbol\/wp-json\/wp\/v2\/posts\/403958"}],"collection":[{"href":"http:\/\/desarrollo.grupomedios.com\/futbol\/wp-json\/wp\/v2\/posts"}],"about":[{"href":"http:\/\/desarrollo.grupomedios.com\/futbol\/wp-json\/wp\/v2\/types\/post"}],"author":[{"embeddable":true,"href":"http:\/\/desarrollo.grupomedios.com\/futbol\/wp-json\/wp\/v2\/users\/20"}],"replies":[{"embeddable":true,"href":"http:\/\/desarrollo.grupomedios.com\/futbol\/wp-json\/wp\/v2\/comments?post=403958"}],"version-history":[{"count":0,"href":"http:\/\/desarrollo.grupomedios.com\/futbol\/wp-json\/wp\/v2\/posts\/403958\/revisions"}],"wp:featuredmedia":[{"embeddable":true,"href":"http:\/\/desarrollo.grupomedios.com\/futbol\/wp-json\/wp\/v2\/media\/403963"}],"wp:attachment":[{"href":"http:\/\/desarrollo.grupomedios.com\/futbol\/wp-json\/wp\/v2\/media?parent=403958"}],"wp:term":[{"taxonomy":"category","embeddable":true,"href":"http:\/\/desarrollo.grupomedios.com\/futbol\/wp-json\/wp\/v2\/categories?post=403958"},{"taxonomy":"post_tag","embeddable":true,"href":"http:\/\/desarrollo.grupomedios.com\/futbol\/wp-json\/wp\/v2\/tags?post=403958"}],"curies":[{"name":"wp","href":"https:\/\/api.w.org\/{rel}","templated":true}]}}