{"id":403985,"date":"2016-06-15T12:11:53","date_gmt":"2016-06-15T18:11:53","guid":{"rendered":"http:\/\/www.futboltotal.com.mx\/?p=403985"},"modified":"2016-06-15T12:11:53","modified_gmt":"2016-06-15T18:11:53","slug":"las-decepciones-la-copa-america","status":"publish","type":"post","link":"http:\/\/desarrollo.grupomedios.com\/futbol\/futbol-internacional\/las-decepciones-la-copa-america\/2016\/06","title":{"rendered":"Las decepciones de la Fase de Grupos de Copa Am\u00e9rica"},"content":{"rendered":"<p>La Fase de Grupos de la <strong>Copa Am\u00e9rica<\/strong> termin\u00f3 y ya se conoce c\u00f3mo se jugar\u00e1n los Cuartos de Final para buscar al Campe\u00f3n de su edici\u00f3n 2016. Pero as\u00ed como hubo sorpresas, tambi\u00e9n estuvieron las decepciones de algunos jugadores e inclusive selecciones, como <strong>Uruguay<\/strong> y <strong>Brasil<\/strong>.<\/p>\n<p>A pesar de que este torneo es una edici\u00f3n especial por ser el Centenario, parece que estos elegidos lo olvidar\u00e1n r\u00e1pidamente por el mal funcionamiento que mostraron. Aqu\u00ed te los presentamos.<\/p>\n<p style=\"text-align: center;\">\u00a0LEER M\u00c1S:\u00a0<a href=\"http:\/\/www.futboltotal.com.mx\/2016\/06\/gullit-candido-los-olvidados-juan-carlos-osorio\/\">LOS OLVIDADOS DE JUAN CARLOS OSORIO EN EL TRI<\/a><\/p>\n<p><script src=\"\/\/cdn.playbuzz.com\/widget\/feed.js\" type=\"text\/javascript\"><\/script><\/p>\n<div class=\"pb_feed\" data-embed-by=\"d43f3879-83ed-40bc-99d7-fde80605466f\" data-game=\"\/futboltotal\/las-decepciones-de-la-fase-de-grupos-de-copa-am-rica\" data-recommend=\"false\" data-game-info=\"false\"><\/div>\n","protected":false},"excerpt":{"rendered":"<p>Selecciones como Brasil y Paraguay sufrieron otro fracaso<\/p>\n","protected":false},"author":20,"featured_media":403987,"comment_status":"closed","ping_status":"closed","sticky":false,"template":"","format":"standard","meta":[],"categories":[6950,3839,6953,5951],"tags":[6009,2130,7194],"_links":{"self":[{"href":"http:\/\/desarrollo.grupomedios.com\/futbol\/wp-json\/wp\/v2\/posts\/403985"}],"collection":[{"href":"http:\/\/desarrollo.grupomedios.com\/futbol\/wp-json\/wp\/v2\/posts"}],"about":[{"href":"http:\/\/desarrollo.grupomedios.com\/futbol\/wp-json\/wp\/v2\/types\/post"}],"author":[{"embeddable":true,"href":"http:\/\/desarrollo.grupomedios.com\/futbol\/wp-json\/wp\/v2\/users\/20"}],"replies":[{"embeddable":true,"href":"http:\/\/desarrollo.grupomedios.com\/futbol\/wp-json\/wp\/v2\/comments?post=403985"}],"version-history":[{"count":0,"href":"http:\/\/desarrollo.grupomedios.com\/futbol\/wp-json\/wp\/v2\/posts\/403985\/revisions"}],"wp:featuredmedia":[{"embeddable":true,"href":"http:\/\/desarrollo.grupomedios.com\/futbol\/wp-json\/wp\/v2\/media\/403987"}],"wp:attachment":[{"href":"http:\/\/desarrollo.grupomedios.com\/futbol\/wp-json\/wp\/v2\/media?parent=403985"}],"wp:term":[{"taxonomy":"category","embeddable":true,"href":"http:\/\/desarrollo.grupomedios.com\/futbol\/wp-json\/wp\/v2\/categories?post=403985"},{"taxonomy":"post_tag","embeddable":true,"href":"http:\/\/desarrollo.grupomedios.com\/futbol\/wp-json\/wp\/v2\/tags?post=403985"}],"curies":[{"name":"wp","href":"https:\/\/api.w.org\/{rel}","templated":true}]}}