{"id":403997,"date":"2016-06-15T13:00:36","date_gmt":"2016-06-15T19:00:36","guid":{"rendered":"http:\/\/www.futboltotal.com.mx\/?p=403997"},"modified":"2016-06-15T13:00:36","modified_gmt":"2016-06-15T19:00:36","slug":"tecatito-polemica-vertiginosa-carrera","status":"publish","type":"post","link":"http:\/\/desarrollo.grupomedios.com\/futbol\/videos\/tecatito-polemica-vertiginosa-carrera\/2016\/06","title":{"rendered":"Tecatito\u2026 Pol\u00e9mica y vertiginosa carrera"},"content":{"rendered":"<p>La carrera del <strong>Tecatito<\/strong> ha sido tan pol\u00e9mica como vertiginosa.<\/p>\n<p>[video_player]https:\/\/player.vimeo.com\/external\/170693161.hd.mp4?s=1f3744c7282b8156b4dd86dc03d05d0024456eed&amp;profile_id=174[\/video_player]<\/p>\n<p>Con tan solo 20 a\u00f1os, Jes\u00fas Manuel Corona cumpli\u00f3 su sue\u00f1o de jugador en Europa. Pero alcanzar el objetivo estuvo acompa\u00f1ado de pol\u00e9mica. Su salida de <em>Rayados<\/em>\u00a0fue compleja, dif\u00edcil. Al final, fue acusado de rebelde.<\/p>\n<p>S\u00ed, la cr\u00edtica parece ser un motor de motivaci\u00f3n en su carrera. En alg\u00fan momento, V\u00edctor Manuel Vucetich, su primer entrenador, se\u00f1al\u00f3 que le faltaba aprender a ser profesional. En tanto, Alfred Schreuder, su t\u00e9cnico en el Twente, lo catalog\u00f3 como un jugador perezoso y gordo.<\/p>\n<blockquote class=\"twitter-tweet\" data-lang=\"es\">\n<p dir=\"ltr\" lang=\"es\">Juntos por este sentimiento tan grande\u26bd\ufe0f <a href=\"https:\/\/t.co\/bWHU5s58LA\">https:\/\/t.co\/bWHU5s58LA<\/a><\/p>\n<p>\u2014 Tecatito Corona 1\u20e37\u20e3 (@Chuycorona25) <a href=\"https:\/\/twitter.com\/Chuycorona25\/status\/742880948354732032\">15 de junio de 2016<\/a><\/p><\/blockquote>\n<p><script src=\"\/\/platform.twitter.com\/widgets.js\" async=\"\" charset=\"utf-8\"><\/script><\/p>\n<p>Sin embargo, <strong>Tecatito<\/strong> siempre se ha repuesto a la adversidad. En la chancha, la perla sonorense ha callado bocas y desparramado talento.<\/p>\n<p>&#8220;Me he equivocado en muchas cosas. He sabido revertir mis errores. Ahora s\u00e9 que tengo que cuidarme para estar bien al otro d\u00eda. En alg\u00fan momento no trabaj\u00e9 en hacer fuerza y resistencia; no lo hac\u00eda, no pod\u00eda competir igual que todos y me afectaba. Acept\u00e9 mis errores y los compuse&#8221;, ha reconocido el\u00a0<strong>Tecatito<\/strong>.<\/p>\n<p style=\"text-align: center;\"><strong><span style=\"color: #3366ff;\"><a style=\"color: #3366ff;\" href=\"http:\/\/www.futboltotal.com.mx\/2016\/06\/golazo-del-tecatito-corona\/\">VER M\u00c1S: \u00a1GOLAZO del Tecatito en Copa Am\u00e9rica!<\/a><\/span><\/strong><\/p>\n<p>En <em>Rayados<\/em> de Monterrey, el Twente de Holanda y desde hace una temporada en el Porto de Portugal, as\u00ed como en la Selecci\u00f3n Mexicana, Corona ha destacado por su explosiva habilidad, su picard\u00eda y su gran velocidad.<\/p>\n<p><strong>Tecatito <\/strong>Corona deslumbra con su talento en la Copa Am\u00e9rica. \u00bfSer\u00e1 el jugador mexicano con m\u00e1s futbol en la actual plantilla <em>tricolor<\/em>? Quiz\u00e1. La realidad es que si hay un jugador en M\u00e9xico que est\u00e1 despuntando por su tremenda calidad, \u00e9se es Jes\u00fas Manuel.<\/p>\n","protected":false},"excerpt":{"rendered":"<p>La perla sonorense alguna vez fue catalogado de gordo<\/p>\n","protected":false},"author":20,"featured_media":404017,"comment_status":"closed","ping_status":"closed","sticky":false,"template":"","format":"standard","meta":[],"categories":[6950,6718,3847,4,6960],"tags":[65,5979,3985],"_links":{"self":[{"href":"http:\/\/desarrollo.grupomedios.com\/futbol\/wp-json\/wp\/v2\/posts\/403997"}],"collection":[{"href":"http:\/\/desarrollo.grupomedios.com\/futbol\/wp-json\/wp\/v2\/posts"}],"about":[{"href":"http:\/\/desarrollo.grupomedios.com\/futbol\/wp-json\/wp\/v2\/types\/post"}],"author":[{"embeddable":true,"href":"http:\/\/desarrollo.grupomedios.com\/futbol\/wp-json\/wp\/v2\/users\/20"}],"replies":[{"embeddable":true,"href":"http:\/\/desarrollo.grupomedios.com\/futbol\/wp-json\/wp\/v2\/comments?post=403997"}],"version-history":[{"count":0,"href":"http:\/\/desarrollo.grupomedios.com\/futbol\/wp-json\/wp\/v2\/posts\/403997\/revisions"}],"wp:featuredmedia":[{"embeddable":true,"href":"http:\/\/desarrollo.grupomedios.com\/futbol\/wp-json\/wp\/v2\/media\/404017"}],"wp:attachment":[{"href":"http:\/\/desarrollo.grupomedios.com\/futbol\/wp-json\/wp\/v2\/media?parent=403997"}],"wp:term":[{"taxonomy":"category","embeddable":true,"href":"http:\/\/desarrollo.grupomedios.com\/futbol\/wp-json\/wp\/v2\/categories?post=403997"},{"taxonomy":"post_tag","embeddable":true,"href":"http:\/\/desarrollo.grupomedios.com\/futbol\/wp-json\/wp\/v2\/tags?post=403997"}],"curies":[{"name":"wp","href":"https:\/\/api.w.org\/{rel}","templated":true}]}}