{"id":404001,"date":"2016-06-15T14:31:01","date_gmt":"2016-06-15T20:31:01","guid":{"rendered":"http:\/\/www.futboltotal.com.mx\/?p=404001"},"modified":"2016-06-15T14:35:05","modified_gmt":"2016-06-15T20:35:05","slug":"cara-a-cara-harry-kane-vs-gareth-bale-inglaterra-vs-gales","status":"publish","type":"post","link":"http:\/\/desarrollo.grupomedios.com\/futbol\/destacado-home\/cara-a-cara-harry-kane-vs-gareth-bale-inglaterra-vs-gales\/2016\/06","title":{"rendered":"Harry Kane vs. Gareth Bale, duelo de matadores"},"content":{"rendered":"<p>El jueves 16 de junio, <strong>Inglaterra<\/strong> y <strong>Gales<\/strong> se medir\u00e1n, en su segundo partido de la fase de grupos de la Eurocopa 2016, donde sus goleadores, <strong>Harry Kane<\/strong> y <strong>Gareth Bale<\/strong>, tendr\u00e1n las miradas fijas sobre ellos, en espera de que muestren su poder\u00edo de artilleros.<\/p>\n<p>El F\u00e9lix Bollaert ser\u00e1 sede de este encuentro, uno de los m\u00e1s esperados de la fase de grupos, donde no s\u00f3lo se espera un buen juego de <strong>Harry Kane<\/strong> y <strong>Gareth Bale<\/strong>, sino de todos los participantes del partido.<\/p>\n<p>A continuaci\u00f3n, comparamos los n\u00fameros de los delanteros de <strong>Inglaterra<\/strong> y <strong>Gales<\/strong>, respectivamente, desde que iniciaron a ser seleccionados. Cabe destacar que hay una diferencia notable, debido a que <strong>Gareth Bale<\/strong> tiene m\u00e1s de 50 partidos disputados con su combinado, mientras que <strong>Harry Kane<\/strong> apenas rebasa la decena de juegos con el representativo ingl\u00e9s, pero su efectividad frente al marco, parece m\u00e1s certera.<\/p>\n<p style=\"text-align: center;\"><span style=\"color: #3366ff;\"><strong><a style=\"color: #3366ff;\" href=\"http:\/\/www.futboltotal.com.mx\/2016\/06\/chicas-eurocopa-vs-copa-america-las-jovenes-belinda-vs-emma-watson\/\" target=\"_blank\">LEER M\u00c1S: Euro vs. Copa Am\u00e9rica | Las m\u00e1s j\u00f3venes<\/a><\/strong><\/span><\/p>\n<p style=\"text-align: left;\"><strong>Harry Kane vs. Gareth Bale<\/strong>, \u00bfqui\u00e9n es mejor, <em>cracks<\/em>?<\/p>\n<p style=\"text-align: center;\"><a href=\"http:\/\/www.futboltotal.com.mx\/wp-content\/uploads\/2016\/06\/caraacarakia1.jpg\" rel=\"attachment wp-att-404003\"><img decoding=\"async\" loading=\"lazy\" class=\"alignnone size-full wp-image-404003\" src=\"http:\/\/www.futboltotal.com.mx\/wp-content\/uploads\/2016\/06\/caraacarakia1.jpg\" alt=\"caraacarakia(1)\" srcset=\"http:\/\/desarrollo.grupomedios.com\/futbol\/wp-content\/uploads\/2016\/06\/caraacarakia1.jpg 858w, http:\/\/desarrollo.grupomedios.com\/futbol\/wp-content\/uploads\/2016\/06\/caraacarakia1-300x288.jpg 300w, http:\/\/desarrollo.grupomedios.com\/futbol\/wp-content\/uploads\/2016\/06\/caraacarakia1-768x737.jpg 768w\" sizes=\"(max-width: 858px) 100vw, 858px\" \/><\/a><\/p>\n","protected":false},"excerpt":{"rendered":"<p>Los arietes de Inglaterra y Gales, ya est\u00e1n listos para enfrentarse<\/p>\n","protected":false},"author":20,"featured_media":404046,"comment_status":"closed","ping_status":"closed","sticky":false,"template":"","format":"standard","meta":[],"categories":[7061,5,6995,3839,6998,6999],"tags":[2958,6152],"_links":{"self":[{"href":"http:\/\/desarrollo.grupomedios.com\/futbol\/wp-json\/wp\/v2\/posts\/404001"}],"collection":[{"href":"http:\/\/desarrollo.grupomedios.com\/futbol\/wp-json\/wp\/v2\/posts"}],"about":[{"href":"http:\/\/desarrollo.grupomedios.com\/futbol\/wp-json\/wp\/v2\/types\/post"}],"author":[{"embeddable":true,"href":"http:\/\/desarrollo.grupomedios.com\/futbol\/wp-json\/wp\/v2\/users\/20"}],"replies":[{"embeddable":true,"href":"http:\/\/desarrollo.grupomedios.com\/futbol\/wp-json\/wp\/v2\/comments?post=404001"}],"version-history":[{"count":0,"href":"http:\/\/desarrollo.grupomedios.com\/futbol\/wp-json\/wp\/v2\/posts\/404001\/revisions"}],"wp:featuredmedia":[{"embeddable":true,"href":"http:\/\/desarrollo.grupomedios.com\/futbol\/wp-json\/wp\/v2\/media\/404046"}],"wp:attachment":[{"href":"http:\/\/desarrollo.grupomedios.com\/futbol\/wp-json\/wp\/v2\/media?parent=404001"}],"wp:term":[{"taxonomy":"category","embeddable":true,"href":"http:\/\/desarrollo.grupomedios.com\/futbol\/wp-json\/wp\/v2\/categories?post=404001"},{"taxonomy":"post_tag","embeddable":true,"href":"http:\/\/desarrollo.grupomedios.com\/futbol\/wp-json\/wp\/v2\/tags?post=404001"}],"curies":[{"name":"wp","href":"https:\/\/api.w.org\/{rel}","templated":true}]}}