{"id":404051,"date":"2016-06-15T15:03:29","date_gmt":"2016-06-15T21:03:29","guid":{"rendered":"http:\/\/www.futboltotal.com.mx\/?p=404051"},"modified":"2016-06-15T15:03:29","modified_gmt":"2016-06-15T21:03:29","slug":"gato-se-acerca-a-cruz-azul","status":"publish","type":"post","link":"http:\/\/desarrollo.grupomedios.com\/futbol\/futbol-mexicano\/gato-se-acerca-a-cruz-azul\/2016\/06","title":{"rendered":"Un GATO se acerca a Cruz Azul"},"content":{"rendered":"<p><strong>Cruz Azul<\/strong> est\u00e1 cerca de hacerse de un <strong>refuerzo<\/strong> m\u00e1s de cara al Apertura 2016. Y en ese sentido, el propio presidente de la <em>M\u00e1quina<\/em>, <em>Billy<\/em> \u00c1lvarez, dio algunas pistas sobre el pr\u00f3ximo de fichaje del cuadro cementero:<\/p>\n<p>Es volante de contenci\u00f3n, est\u00e1 jugando la Copa Am\u00e9rica Centenario y es extranjero. Esas fueron las caracter\u00edsticas que dio el dirigente de <strong>Cruz Azul<\/strong>.<\/p>\n<blockquote class=\"twitter-tweet\" data-lang=\"es\">\n<p dir=\"ltr\" lang=\"es\">Juli\u00e1n Vel\u00e1zquez reforzar\u00e1 la zaga Celeste. <a href=\"https:\/\/twitter.com\/hashtag\/AzulEsTodo?src=hash\">#AzulEsTodo<\/a> <a href=\"https:\/\/t.co\/1W6XAPgYpH\">pic.twitter.com\/1W6XAPgYpH<\/a><\/p>\n<p>\u2014 CRUZ AZUL FC \u00ae (@Cruz_Azul_FC) <a href=\"https:\/\/twitter.com\/Cruz_Azul_FC\/status\/741339125287137280\">10 de junio de 2016<\/a><\/p><\/blockquote>\n<p><script src=\"\/\/platform.twitter.com\/widgets.js\" async=\"\" charset=\"utf-8\"><\/script><\/p>\n<p>Ante ello, todo apuntan a que el <strong>refuerzo<\/strong> que llegar\u00e1 al cuadro <em>cementero<\/em> es el chileno Francisco Silva, que en el \u00faltimo a\u00f1o jug\u00f3 con los <em>Jaguares<\/em> de Chiapas.<\/p>\n<p>Adem\u00e1s, sobre la posible llegada del <em>Gato<\/em> a <strong>Cruz Azul<\/strong>, hace unos d\u00edas Carlos L\u00f3pez Chargoy, presidente de Chiapas, confirm\u00f3 que Francisco Silva estaba cerca de llegar a la entidad <em>cementera<\/em>.<\/p>\n<p style=\"text-align: center;\"><span style=\"color: #3366ff;\"><strong><a style=\"color: #3366ff;\" href=\"http:\/\/www.futboltotal.com.mx\/2016\/06\/futbol-estufa-rumbo-al-apertura-2016-altas-bajas-rumores\/\" target=\"_blank\">LEER M\u00c1S: FUTBOL DE ESTUFA | Rumbo al Apertura 2016<\/a><\/strong><\/span><\/p>\n<p>\u201cHay un acuerdo. Ahorita el jugador est\u00e1 con selecci\u00f3n y terminando su participaci\u00f3n en la Copa Am\u00e9rica, vamos a ver si puede pasar al <strong>Cruz Azul<\/strong>\u201d, dijo el directivo a <em>ESPN<\/em>.<\/p>\n","protected":false},"excerpt":{"rendered":"<p>El presidente cementero dio pistas sobre el pr\u00f3ximo refuerzo<\/p>\n","protected":false},"author":20,"featured_media":404062,"comment_status":"closed","ping_status":"closed","sticky":false,"template":"","format":"standard","meta":[],"categories":[2198,3845,5950],"tags":[5962],"_links":{"self":[{"href":"http:\/\/desarrollo.grupomedios.com\/futbol\/wp-json\/wp\/v2\/posts\/404051"}],"collection":[{"href":"http:\/\/desarrollo.grupomedios.com\/futbol\/wp-json\/wp\/v2\/posts"}],"about":[{"href":"http:\/\/desarrollo.grupomedios.com\/futbol\/wp-json\/wp\/v2\/types\/post"}],"author":[{"embeddable":true,"href":"http:\/\/desarrollo.grupomedios.com\/futbol\/wp-json\/wp\/v2\/users\/20"}],"replies":[{"embeddable":true,"href":"http:\/\/desarrollo.grupomedios.com\/futbol\/wp-json\/wp\/v2\/comments?post=404051"}],"version-history":[{"count":0,"href":"http:\/\/desarrollo.grupomedios.com\/futbol\/wp-json\/wp\/v2\/posts\/404051\/revisions"}],"wp:featuredmedia":[{"embeddable":true,"href":"http:\/\/desarrollo.grupomedios.com\/futbol\/wp-json\/wp\/v2\/media\/404062"}],"wp:attachment":[{"href":"http:\/\/desarrollo.grupomedios.com\/futbol\/wp-json\/wp\/v2\/media?parent=404051"}],"wp:term":[{"taxonomy":"category","embeddable":true,"href":"http:\/\/desarrollo.grupomedios.com\/futbol\/wp-json\/wp\/v2\/categories?post=404051"},{"taxonomy":"post_tag","embeddable":true,"href":"http:\/\/desarrollo.grupomedios.com\/futbol\/wp-json\/wp\/v2\/tags?post=404051"}],"curies":[{"name":"wp","href":"https:\/\/api.w.org\/{rel}","templated":true}]}}