{"id":404073,"date":"2016-06-15T16:00:16","date_gmt":"2016-06-15T22:00:16","guid":{"rendered":"http:\/\/www.futboltotal.com.mx\/?p=404073"},"modified":"2016-06-15T16:00:16","modified_gmt":"2016-06-15T22:00:16","slug":"mexico-sufre-la-baja-aquino","status":"publish","type":"post","link":"http:\/\/desarrollo.grupomedios.com\/futbol\/destacado-home\/mexico-sufre-la-baja-aquino\/2016\/06","title":{"rendered":"Aquino se pierde el duelo ante Chile"},"content":{"rendered":"<p>El atacante de la <strong>Selecci\u00f3n Mexicana<\/strong>, <strong>Javier Aquino<\/strong>, fue descartado para el partido del pr\u00f3ximo s\u00e1bado ante Chile, correspondiente a los cuartos de final de la <strong>Copa Am\u00e9rica Centenario 2016<\/strong>.<\/p>\n<p>Jos\u00e9 Luis Serrano, m\u00e9dico del <em>Tricolor<\/em>, explic\u00f3 que el jugador de Tigres de la UANL presenta molestia en la pierna izquierda, por lo que estar\u00e1 en tratamiento, pero sin posibilidades de ver acci\u00f3n frente al conjunto sudamericano.<\/p>\n<p style=\"text-align: center;\"><span style=\"color: #3366ff;\"><strong><a style=\"color: #3366ff;\" href=\"http:\/\/www.futboltotal.com.mx\/copa-america-2016\/\">LEER M\u00c1S: Todas las noticias de Copa Am\u00e9rica<\/a><\/strong><\/span><\/p>\n<p>&#8220;Ahorita va a estar en tratamiento, y vamos a tomar decisiones de acuerdo a la evoluci\u00f3n. Obviamente el s\u00e1bado no puede jugar&#8221;, dijo.<\/p>\n<p>Se\u00f1al\u00f3 que se le hizo estudio de resonancia magn\u00e9tica para descartar una lesi\u00f3n muscular y no se encontraron ruptura de fibras musculares, solo un m\u00fasculo muy inflamado.<\/p>\n<p>&#8220;La meta es que llegue al s\u00e1bado no para que juegue si no para saber cu\u00e1nto debe de tener como tratamiento y evaluaremos cuando tiempo debe de tener de recuperaci\u00f3n en cuanto a control de estudios.\u00a0El tratamiento se har\u00e1 con objetivo de recuperar lo antes posible&#8221;, estableci\u00f3 el galeno.<\/p>\n<p><strong>Aquino\u00a0<\/strong>fue titular en el duelo ante Venezuela y se lesion\u00f3 al minuto 16 y fue sustituido por Jes\u00fas Tecatito Corona, autor del gol con el que M\u00e9xico clasific\u00f3 a <strong>Cuartos de Final<\/strong> como primer lugar del Grupo C.<\/p>\n<p>&nbsp;<\/p>\n","protected":false},"excerpt":{"rendered":"<p>El m\u00e9dico del Tricolor confirm\u00f3 la baja del atacante, quien se lesion\u00f3 ante Venezuela<\/p>\n","protected":false},"author":20,"featured_media":403572,"comment_status":"closed","ping_status":"closed","sticky":false,"template":"","format":"standard","meta":[],"categories":[6950,5,6958,2198,3847,6951],"tags":[2130,6025,5979],"_links":{"self":[{"href":"http:\/\/desarrollo.grupomedios.com\/futbol\/wp-json\/wp\/v2\/posts\/404073"}],"collection":[{"href":"http:\/\/desarrollo.grupomedios.com\/futbol\/wp-json\/wp\/v2\/posts"}],"about":[{"href":"http:\/\/desarrollo.grupomedios.com\/futbol\/wp-json\/wp\/v2\/types\/post"}],"author":[{"embeddable":true,"href":"http:\/\/desarrollo.grupomedios.com\/futbol\/wp-json\/wp\/v2\/users\/20"}],"replies":[{"embeddable":true,"href":"http:\/\/desarrollo.grupomedios.com\/futbol\/wp-json\/wp\/v2\/comments?post=404073"}],"version-history":[{"count":0,"href":"http:\/\/desarrollo.grupomedios.com\/futbol\/wp-json\/wp\/v2\/posts\/404073\/revisions"}],"wp:featuredmedia":[{"embeddable":true,"href":"http:\/\/desarrollo.grupomedios.com\/futbol\/wp-json\/wp\/v2\/media\/403572"}],"wp:attachment":[{"href":"http:\/\/desarrollo.grupomedios.com\/futbol\/wp-json\/wp\/v2\/media?parent=404073"}],"wp:term":[{"taxonomy":"category","embeddable":true,"href":"http:\/\/desarrollo.grupomedios.com\/futbol\/wp-json\/wp\/v2\/categories?post=404073"},{"taxonomy":"post_tag","embeddable":true,"href":"http:\/\/desarrollo.grupomedios.com\/futbol\/wp-json\/wp\/v2\/tags?post=404073"}],"curies":[{"name":"wp","href":"https:\/\/api.w.org\/{rel}","templated":true}]}}