{"id":404235,"date":"2016-06-16T12:15:36","date_gmt":"2016-06-16T18:15:36","guid":{"rendered":"http:\/\/www.futboltotal.com.mx\/?p=404235"},"modified":"2016-06-16T13:11:43","modified_gmt":"2016-06-16T19:11:43","slug":"debe-portero-del-tri-en-cuartos-final","status":"publish","type":"post","link":"http:\/\/desarrollo.grupomedios.com\/futbol\/destacado-home\/debe-portero-del-tri-en-cuartos-final\/2016\/06","title":{"rendered":"Tala, Ochoa o Corona&#8230; \u00bfQui\u00e9n ser\u00e1 titular ante Chile?"},"content":{"rendered":"<p>La porter\u00eda es uno de los lugares que mejor est\u00e1 cubierto en la <a href=\"http:\/\/www.futboltotal.com.mx\/futbol-mexicano\/seleccion-mexicana\/\" target=\"_blank\">Selecci\u00f3n Mexicana<\/a>. Pues <strong>Alfredo Talavera<\/strong>, <strong>Jos\u00e9 de Jes\u00fas Corona<\/strong> y <strong>Guillermo Ochoa<\/strong>\u00a0ya demostraron en la Fase de Grupos que tienen el potencial para mantener segura la porter\u00eda del <em>Tri<\/em>.<\/p>\n<p>De los tres arqueros, <strong>Ochoa<\/strong> fue el \u00fanico que no recibi\u00f3 gol en su oportunidad, pero a pesar de ello, el entrenador de porteros del\u00a0<em>Tricolor,\u00a0<\/em>Mario Mar\u00edn,<em>\u00a0<\/em>resalt\u00f3 por igual la actuaci\u00f3n de cada uno.<\/p>\n<p style=\"text-align: center;\"><strong><span style=\"color: #3366ff;\"><a style=\"color: #3366ff;\" href=\"http:\/\/www.futboltotal.com.mx\/2016\/06\/los-goleadores-la-era-osorio\/\">LEER M\u00c1S: El sorpresivo goleador del TRI<\/a><\/span><\/strong><\/p>\n<p>\u201cLa respuesta de todos ha sido muy buena, ha sido maravillosa, entonces quedamos tranquilos, dormimos muy tranquilos en ese aspecto porque es como meterlos a los tres en una bolsa y el que saques ese va a ser el que va a tapar\u201d, expres\u00f3<\/p>\n<p>Despu\u00e9s de la rotaci\u00f3n que tuvieron en <strong>Copa Am\u00e9rica<\/strong> y de acuerdo a su actuaci\u00f3n, \u00bfQui\u00e9n merece ser titular en\u00a0los Cuartos de Final contra Chile? Elige a tu favorito.<\/p>\n<div class=\"txtHistorico\"><\/div>\n<p><script src=\"\/\/cdn.playbuzz.com\/widget\/feed.js\" type=\"text\/javascript\"><\/script><\/p>\n<div class=\"pb_feed\" data-embed-by=\"d43f3879-83ed-40bc-99d7-fde80605466f\" data-game=\"\/futboltotal\/qui-n-debe-ser-el-portero-de-m-xico-en-la-copa-oro\" data-recommend=\"false\" data-game-info=\"false\" data-comments=\"false\"><\/div>\n","protected":false},"excerpt":{"rendered":"<p>Los tres ya tuvieron participaci\u00f3n, es tiempo de elegir a uno&#8230;<\/p>\n","protected":false},"author":20,"featured_media":404279,"comment_status":"closed","ping_status":"closed","sticky":false,"template":"","format":"standard","meta":[],"categories":[6950,5,2198,3847,6951],"tags":[65,5979],"_links":{"self":[{"href":"http:\/\/desarrollo.grupomedios.com\/futbol\/wp-json\/wp\/v2\/posts\/404235"}],"collection":[{"href":"http:\/\/desarrollo.grupomedios.com\/futbol\/wp-json\/wp\/v2\/posts"}],"about":[{"href":"http:\/\/desarrollo.grupomedios.com\/futbol\/wp-json\/wp\/v2\/types\/post"}],"author":[{"embeddable":true,"href":"http:\/\/desarrollo.grupomedios.com\/futbol\/wp-json\/wp\/v2\/users\/20"}],"replies":[{"embeddable":true,"href":"http:\/\/desarrollo.grupomedios.com\/futbol\/wp-json\/wp\/v2\/comments?post=404235"}],"version-history":[{"count":0,"href":"http:\/\/desarrollo.grupomedios.com\/futbol\/wp-json\/wp\/v2\/posts\/404235\/revisions"}],"wp:featuredmedia":[{"embeddable":true,"href":"http:\/\/desarrollo.grupomedios.com\/futbol\/wp-json\/wp\/v2\/media\/404279"}],"wp:attachment":[{"href":"http:\/\/desarrollo.grupomedios.com\/futbol\/wp-json\/wp\/v2\/media?parent=404235"}],"wp:term":[{"taxonomy":"category","embeddable":true,"href":"http:\/\/desarrollo.grupomedios.com\/futbol\/wp-json\/wp\/v2\/categories?post=404235"},{"taxonomy":"post_tag","embeddable":true,"href":"http:\/\/desarrollo.grupomedios.com\/futbol\/wp-json\/wp\/v2\/tags?post=404235"}],"curies":[{"name":"wp","href":"https:\/\/api.w.org\/{rel}","templated":true}]}}