{"id":404254,"date":"2016-06-16T12:35:15","date_gmt":"2016-06-16T18:35:15","guid":{"rendered":"http:\/\/www.futboltotal.com.mx\/?p=404254"},"modified":"2016-06-16T12:36:55","modified_gmt":"2016-06-16T18:36:55","slug":"pumas-quiere-saber-nada-del-pikolin","status":"publish","type":"post","link":"http:\/\/desarrollo.grupomedios.com\/futbol\/futbol-mexicano\/pumas-quiere-saber-nada-del-pikolin\/2016\/06","title":{"rendered":"Pumas no quiere saber nada del Pikol\u00edn"},"content":{"rendered":"<p><em>Pikol\u00edn<\/em>, el defensa, m\u00e1s que borrado. <strong>Marco Palacios<\/strong>, quien a\u00fan tiene seis meses de contrato con los <a href=\"http:\/\/www.futboltotal.com.mx\/equipos\/unam\/\" target=\"_blank\"><strong>Pumas<\/strong> de la UNAM<\/a>, se present\u00f3 este jueves en Ciudad Universitaria, con la intensi\u00f3n de hablar con la directiva <em>felina<\/em> para que le aclaren su futuro.<\/p>\n<p>Se sabe que <em>Pikol\u00edn<\/em> no entra en planes del primer equipo, incluso fue puesto transferible en el pasado DRFAT. Pero al no se requerido por ning\u00fan equipo,\u00a0se mantuvo en el cuadro universitario. No obstante, desconoce a d\u00f3nde debe reportar.<\/p>\n<p style=\"text-align: center;\"><span style=\"color: #3366ff;\"><strong><a style=\"color: #3366ff;\" href=\"http:\/\/www.futboltotal.com.mx\/2016\/06\/ismael-sosa-regresa-a-pumas\/\">LEER M\u00c1S: \u00a1Ismael Sosa regres\u00f3 a CU!<\/a><\/strong><\/span><\/p>\n<p>&#8220;De dos a\u00f1os para ac\u00e1, desde la directiva de Antonio Sancho ha sido un cambio radical y me sorprende\u2026 no s\u00e9 qu\u00e9 traigan en mi contra (los dircetivos), seguir\u00e9 trabajando y esperanzado en Dios en que pueda regresar\u201d, dijo un confundido <em>Pikol\u00edn<\/em>, quien espera reunirse con la directiva de <strong>Pumas<\/strong>, que ahora encabeza Rodrigo Ares de Parga.<\/p>\n<p>&#8220;Palencia me dijo que no tiene nada qu\u00e9 ver. Es una orden de arriba y por eso vengo a ver por qu\u00e9\u201d, apunt\u00f3 <strong>Marco Palacios<\/strong>, jugador que gan\u00f3 cuatro t\u00edtulos de liga con <strong>Pumas<\/strong>.<\/p>\n<blockquote class=\"twitter-tweet\" data-lang=\"es\">\n<p dir=\"ltr\" lang=\"es\">Pumas inici\u00f3 su actividad rumbo al Apertura 2016.<a href=\"https:\/\/twitter.com\/hashtag\/SoyDePumas?src=hash\">#SoyDePumas<\/a><a href=\"https:\/\/t.co\/1kMhay1oWd\">https:\/\/t.co\/1kMhay1oWd<\/a> <a href=\"https:\/\/t.co\/NxPiYW5eKq\">pic.twitter.com\/NxPiYW5eKq<\/a><\/p>\n<p>\u2014 PUMAS (@PumasMX) <a href=\"https:\/\/twitter.com\/PumasMX\/status\/743507955887149057\">16 de junio de 2016<\/a><\/p><\/blockquote>\n<p><script src=\"\/\/platform.twitter.com\/widgets.js\" async=\"\" charset=\"utf-8\"><\/script><\/p>\n<p>&#8220;El cambio de directiva me dio esa esperanza de que cambiaran las cosas, no s\u00e9 si la orden viene de m\u00e1s arriba&#8221;, agreg\u00f3\u00a0<em>Pikol\u00edn<\/em> <strong>Palacios<\/strong>, al tiempo que expres\u00f3 sus deseos de retirarse en el equipo de la UNAM.<\/p>\n<p>&#8220;Por lo que hice en el club, di toda mi vida, todo mi esfuerzo, trat\u00e9 de ser muy profesional y por eso merezco retirarme en el club de mis amores; no entiendo por qu\u00e9 esa negativa&#8230;&#8221;, dijo.<\/p>\n","protected":false},"excerpt":{"rendered":"<p>\u201cNo s\u00e9 qu\u00e9 traigan en mi contra\u201d, lament\u00f3 el defensa<\/p>\n","protected":false},"author":20,"featured_media":404257,"comment_status":"closed","ping_status":"closed","sticky":false,"template":"","format":"standard","meta":[],"categories":[2198,3845,5950],"tags":[2835,74],"_links":{"self":[{"href":"http:\/\/desarrollo.grupomedios.com\/futbol\/wp-json\/wp\/v2\/posts\/404254"}],"collection":[{"href":"http:\/\/desarrollo.grupomedios.com\/futbol\/wp-json\/wp\/v2\/posts"}],"about":[{"href":"http:\/\/desarrollo.grupomedios.com\/futbol\/wp-json\/wp\/v2\/types\/post"}],"author":[{"embeddable":true,"href":"http:\/\/desarrollo.grupomedios.com\/futbol\/wp-json\/wp\/v2\/users\/20"}],"replies":[{"embeddable":true,"href":"http:\/\/desarrollo.grupomedios.com\/futbol\/wp-json\/wp\/v2\/comments?post=404254"}],"version-history":[{"count":0,"href":"http:\/\/desarrollo.grupomedios.com\/futbol\/wp-json\/wp\/v2\/posts\/404254\/revisions"}],"wp:featuredmedia":[{"embeddable":true,"href":"http:\/\/desarrollo.grupomedios.com\/futbol\/wp-json\/wp\/v2\/media\/404257"}],"wp:attachment":[{"href":"http:\/\/desarrollo.grupomedios.com\/futbol\/wp-json\/wp\/v2\/media?parent=404254"}],"wp:term":[{"taxonomy":"category","embeddable":true,"href":"http:\/\/desarrollo.grupomedios.com\/futbol\/wp-json\/wp\/v2\/categories?post=404254"},{"taxonomy":"post_tag","embeddable":true,"href":"http:\/\/desarrollo.grupomedios.com\/futbol\/wp-json\/wp\/v2\/tags?post=404254"}],"curies":[{"name":"wp","href":"https:\/\/api.w.org\/{rel}","templated":true}]}}