{"id":404267,"date":"2016-06-16T12:55:54","date_gmt":"2016-06-16T18:55:54","guid":{"rendered":"http:\/\/www.futboltotal.com.mx\/?p=404267"},"modified":"2016-06-16T12:56:34","modified_gmt":"2016-06-16T18:56:34","slug":"le-buscan-acomodo-en-estados-unidos","status":"publish","type":"post","link":"http:\/\/desarrollo.grupomedios.com\/futbol\/futbol-mexicano\/le-buscan-acomodo-en-estados-unidos\/2016\/06","title":{"rendered":"Le buscan acomodo en Estados Unidos"},"content":{"rendered":"<p>De cara al Apertura 2016, la directiva del <strong><a href=\"http:\/\/www.futboltotal.com.mx\/equipos\/leon\/\" target=\"_blank\">Le\u00f3n<\/a><\/strong> y <strong>Jonny Magall\u00f3n<\/strong> no llegaron a un acuerdo contractual. No hubo renovaci\u00f3n de contrato, por lo que finaliz\u00f3 la relaci\u00f3n que se mantuvo en las \u00faltimas ocho temporadas.<\/p>\n<p>Y ante tal situaci\u00f3n, la directiva <em>esmeralda<\/em> busca acomodar al defensa mexicano en el futbol de Estados Unidos, en la MLS o en la NALS.<\/p>\n<p style=\"text-align: center;\"><span style=\"color: #3366ff;\"><strong><a style=\"color: #3366ff;\" href=\"http:\/\/www.futboltotal.com.mx\/2016\/06\/los-nuevos-horarios-la-liga-mx\/\">LEER M\u00c1S: Los nuevos horarios de la Liga MX<\/a><\/strong><\/span><\/p>\n<p>\u201cCreo que lo mejor ser\u00eda que, junto con \u00e9l, sigamos trabajando para que vaya a Estados Unidos\u201d, indic\u00f3 Rodrigo Fern\u00e1ndez, presidente deportivo del <strong>Le\u00f3n<\/strong>, a <em>Pressport<\/em>.<\/p>\n<p>Cabe apuntar que el conjunto <em>esmeralda<\/em> sum\u00f3 a dos laterales j\u00f3venes para la pr\u00f3xima campa\u00f1a de la Liga MX, un ajuste que complic\u00f3 el futuro de <strong>Jonny Magall\u00f3n<\/strong>, quien ven\u00eda teniendo escasas opciones en el primer equipo.<\/p>\n","protected":false},"excerpt":{"rendered":"<p>Jonny Magall\u00f3n no renov\u00f3 contrato con el Le\u00f3n<\/p>\n","protected":false},"author":20,"featured_media":404269,"comment_status":"closed","ping_status":"closed","sticky":false,"template":"","format":"standard","meta":[],"categories":[2198,3845],"tags":[5965],"_links":{"self":[{"href":"http:\/\/desarrollo.grupomedios.com\/futbol\/wp-json\/wp\/v2\/posts\/404267"}],"collection":[{"href":"http:\/\/desarrollo.grupomedios.com\/futbol\/wp-json\/wp\/v2\/posts"}],"about":[{"href":"http:\/\/desarrollo.grupomedios.com\/futbol\/wp-json\/wp\/v2\/types\/post"}],"author":[{"embeddable":true,"href":"http:\/\/desarrollo.grupomedios.com\/futbol\/wp-json\/wp\/v2\/users\/20"}],"replies":[{"embeddable":true,"href":"http:\/\/desarrollo.grupomedios.com\/futbol\/wp-json\/wp\/v2\/comments?post=404267"}],"version-history":[{"count":0,"href":"http:\/\/desarrollo.grupomedios.com\/futbol\/wp-json\/wp\/v2\/posts\/404267\/revisions"}],"wp:featuredmedia":[{"embeddable":true,"href":"http:\/\/desarrollo.grupomedios.com\/futbol\/wp-json\/wp\/v2\/media\/404269"}],"wp:attachment":[{"href":"http:\/\/desarrollo.grupomedios.com\/futbol\/wp-json\/wp\/v2\/media?parent=404267"}],"wp:term":[{"taxonomy":"category","embeddable":true,"href":"http:\/\/desarrollo.grupomedios.com\/futbol\/wp-json\/wp\/v2\/categories?post=404267"},{"taxonomy":"post_tag","embeddable":true,"href":"http:\/\/desarrollo.grupomedios.com\/futbol\/wp-json\/wp\/v2\/tags?post=404267"}],"curies":[{"name":"wp","href":"https:\/\/api.w.org\/{rel}","templated":true}]}}