{"id":404344,"date":"2016-06-16T14:58:08","date_gmt":"2016-06-16T20:58:08","guid":{"rendered":"http:\/\/www.futboltotal.com.mx\/?p=404344"},"modified":"2016-06-16T14:59:23","modified_gmt":"2016-06-16T20:59:23","slug":"jonathan-cristaldo-festeja-gol-dedicatoria-a-cruz-azul","status":"publish","type":"post","link":"http:\/\/desarrollo.grupomedios.com\/futbol\/videos\/jonathan-cristaldo-festeja-gol-dedicatoria-a-cruz-azul\/2016\/06","title":{"rendered":"\u00a1\u00bfDelantero argentino, ansioso por jugar en Cruz Azul?!"},"content":{"rendered":"<p><a href=\"http:\/\/futboltotal.com.mx\/equipos\/cruz-azul\/\" target=\"_blank\"><strong>Cruz Azul<\/strong><\/a> pretende al delantero <strong>Jonathan Cristaldo<\/strong>, quien milita en el Palmeiras de Brasil, como refuerzo para el Apertura 2016, y el ariete ya ha declarado sentirse dichoso por vestir la casaca<em> cementera<\/em>, en caso de que se concrete su fichaje. Por tanto, en un juego ante el Coritiba, el romperredes argentino le habr\u00eda dedicado una anotaci\u00f3n a la <em>M\u00e1quina<\/em>.<\/p>\n<p><a href=\"http:\/\/www.futboltotal.com.mx\/wp-content\/uploads\/2016\/06\/jonathan-cristaldo-cruz-azul.jpg\" rel=\"attachment wp-att-404346\"><img decoding=\"async\" loading=\"lazy\" class=\"alignnone size-full wp-image-404346\" src=\"http:\/\/www.futboltotal.com.mx\/wp-content\/uploads\/2016\/06\/jonathan-cristaldo-cruz-azul.jpg\" alt=\"jonathan-cristaldo-cruz-azul\" srcset=\"http:\/\/desarrollo.grupomedios.com\/futbol\/wp-content\/uploads\/2016\/06\/jonathan-cristaldo-cruz-azul.jpg 858w, http:\/\/desarrollo.grupomedios.com\/futbol\/wp-content\/uploads\/2016\/06\/jonathan-cristaldo-cruz-azul-300x151.jpg 300w, http:\/\/desarrollo.grupomedios.com\/futbol\/wp-content\/uploads\/2016\/06\/jonathan-cristaldo-cruz-azul-768x386.jpg 768w, http:\/\/desarrollo.grupomedios.com\/futbol\/wp-content\/uploads\/2016\/06\/jonathan-cristaldo-cruz-azul-340x171.jpg 340w\" sizes=\"(max-width: 858px) 100vw, 858px\" \/><\/a><\/p>\n<p>En el 2-2 entre el Coritiba y el Palmeiras, del futbol brasile\u00f1o, <strong>Jonathan Cristaldo<\/strong> anot\u00f3 el gol definitivo del partido y festej\u00f3 de forma efusiva con sus compa\u00f1eros, pero al acercarse a las camar\u00f3grafos, hizo una se\u00f1al alusiva a una cruz, que podr\u00eda ser un gui\u00f1o a que el delantero, s\u00ed jugar\u00e1 con la <em>M\u00e1quina<\/em>.<\/p>\n<p style=\"text-align: center;\"><span style=\"color: #3366ff;\"><strong><a style=\"color: #3366ff;\" href=\"http:\/\/www.futboltotal.com.mx\/2016\/06\/futbol-estufa-rumbo-al-apertura-2016-altas-bajas-rumores\/\" target=\"_blank\">LEER M\u00c1S: Futbol de Estufa | Apertura 2016<\/a><\/strong><\/span><\/p>\n<p><iframe loading=\"lazy\" src=\"https:\/\/www.youtube.com\/embed\/hnpdAZ8uHp4\" frameborder=\"0\" allowfullscreen=\"allowfullscreen\"><\/iframe><\/p>\n","protected":false},"excerpt":{"rendered":"<p>Jonathan Cristaldo festeja gol con dedicatoria a la M\u00e1quina<\/p>\n","protected":false},"author":20,"featured_media":404345,"comment_status":"closed","ping_status":"closed","sticky":false,"template":"","format":"standard","meta":[],"categories":[2198,3845,4,6433],"tags":[5962],"_links":{"self":[{"href":"http:\/\/desarrollo.grupomedios.com\/futbol\/wp-json\/wp\/v2\/posts\/404344"}],"collection":[{"href":"http:\/\/desarrollo.grupomedios.com\/futbol\/wp-json\/wp\/v2\/posts"}],"about":[{"href":"http:\/\/desarrollo.grupomedios.com\/futbol\/wp-json\/wp\/v2\/types\/post"}],"author":[{"embeddable":true,"href":"http:\/\/desarrollo.grupomedios.com\/futbol\/wp-json\/wp\/v2\/users\/20"}],"replies":[{"embeddable":true,"href":"http:\/\/desarrollo.grupomedios.com\/futbol\/wp-json\/wp\/v2\/comments?post=404344"}],"version-history":[{"count":0,"href":"http:\/\/desarrollo.grupomedios.com\/futbol\/wp-json\/wp\/v2\/posts\/404344\/revisions"}],"wp:featuredmedia":[{"embeddable":true,"href":"http:\/\/desarrollo.grupomedios.com\/futbol\/wp-json\/wp\/v2\/media\/404345"}],"wp:attachment":[{"href":"http:\/\/desarrollo.grupomedios.com\/futbol\/wp-json\/wp\/v2\/media?parent=404344"}],"wp:term":[{"taxonomy":"category","embeddable":true,"href":"http:\/\/desarrollo.grupomedios.com\/futbol\/wp-json\/wp\/v2\/categories?post=404344"},{"taxonomy":"post_tag","embeddable":true,"href":"http:\/\/desarrollo.grupomedios.com\/futbol\/wp-json\/wp\/v2\/tags?post=404344"}],"curies":[{"name":"wp","href":"https:\/\/api.w.org\/{rel}","templated":true}]}}