{"id":404355,"date":"2016-06-16T15:35:46","date_gmt":"2016-06-16T21:35:46","guid":{"rendered":"http:\/\/www.futboltotal.com.mx\/?p=404355"},"modified":"2016-06-16T16:53:17","modified_gmt":"2016-06-16T22:53:17","slug":"cara-a-cara-zlatan-ibrahimovic-vs-ciro-immobile","status":"publish","type":"post","link":"http:\/\/desarrollo.grupomedios.com\/futbol\/futbol-internacional\/cara-a-cara-zlatan-ibrahimovic-vs-ciro-immobile\/2016\/06","title":{"rendered":"Zlatan vs. Immobile&#8230; Experiencia y consolidaci\u00f3n"},"content":{"rendered":"<p>La Selecciones de <strong>Italia<\/strong> y <strong>Suecia<\/strong> se enfrentan este viernes 17 de junio en el segundo partido de la Fase de Grupos de la <strong>Eurocopa<\/strong> 2016. En el campo se enfrentar\u00e1n <strong>Zlatan Ibrahimovic<\/strong> y<strong> Ciro Immobile<\/strong>, dos de los referentetes al ataque de Suecia e Italia respectivamente.<\/p>\n<p>El Stade de Toulouse ser\u00e1 la sede del encuentro, que recordar\u00e1 aquel enfrentamiento en la edici\u00f3n de 2004 en Portugal cuando italianos y suecos empataron a un gol gracias a un golazo de <strong>Zlatan Ibrahimovic<\/strong>.<\/p>\n<p>A continuaci\u00f3n, comparamos los n\u00fameros de estos delanteros, donde sobresale la experiencia del m\u00e1ximo goleador de<strong> Suecia<\/strong> ante un <strong>Ciro Immobile<\/strong> que comienza a despuntar en sus convocatorias con <strong>Italia<\/strong>, donde ya lleva nueve goles en sus 23 partidos.<\/p>\n<p style=\"text-align: center;\"><span style=\"color: #3366ff;\"><a style=\"color: #3366ff;\" href=\"http:\/\/www.futboltotal.com.mx\/2016\/06\/cara-a-cara-andr\u2026ta-vs-arda-turan\/\" target=\"_blank\">LEER M\u00c1S: \u00a0Andr\u00e9s Iniesta vs Arda Turan, los maestros del mediocampo<\/a><\/span><\/p>\n<p><img decoding=\"async\" loading=\"lazy\" class=\"alignnone size-full wp-image-404360\" src=\"http:\/\/www.futboltotal.com.mx\/wp-content\/uploads\/2016\/06\/zlatanciroKIA.jpg\" alt=\"zlatanciroKIA\" srcset=\"http:\/\/desarrollo.grupomedios.com\/futbol\/wp-content\/uploads\/2016\/06\/zlatanciroKIA.jpg 858w, http:\/\/desarrollo.grupomedios.com\/futbol\/wp-content\/uploads\/2016\/06\/zlatanciroKIA-300x288.jpg 300w, http:\/\/desarrollo.grupomedios.com\/futbol\/wp-content\/uploads\/2016\/06\/zlatanciroKIA-768x737.jpg 768w\" sizes=\"(max-width: 858px) 100vw, 858px\" \/><\/p>\n<p><script src=\"\/\/cdn.playbuzz.com\/widget\/feed.js\" type=\"text\/javascript\"><\/script><\/p>\n<div class=\"pb_feed\" data-embed-by=\"d43f3879-83ed-40bc-99d7-fde80605466f\" data-game=\"\/futboltotal\/qu-jugador-les-gusta-m-s\" data-recommend=\"false\" data-game-info=\"false\" data-comments=\"false\" data-shares=\"false\"><\/div>\n","protected":false},"excerpt":{"rendered":"<p>La estrella sueca se enfrenta al delantero italiano que busca consolidarse<\/p>\n","protected":false},"author":20,"featured_media":404363,"comment_status":"closed","ping_status":"closed","sticky":false,"template":"","format":"standard","meta":[],"categories":[7061,6995,3839,6999,5951],"tags":[5758,6152,292,849,6059],"_links":{"self":[{"href":"http:\/\/desarrollo.grupomedios.com\/futbol\/wp-json\/wp\/v2\/posts\/404355"}],"collection":[{"href":"http:\/\/desarrollo.grupomedios.com\/futbol\/wp-json\/wp\/v2\/posts"}],"about":[{"href":"http:\/\/desarrollo.grupomedios.com\/futbol\/wp-json\/wp\/v2\/types\/post"}],"author":[{"embeddable":true,"href":"http:\/\/desarrollo.grupomedios.com\/futbol\/wp-json\/wp\/v2\/users\/20"}],"replies":[{"embeddable":true,"href":"http:\/\/desarrollo.grupomedios.com\/futbol\/wp-json\/wp\/v2\/comments?post=404355"}],"version-history":[{"count":0,"href":"http:\/\/desarrollo.grupomedios.com\/futbol\/wp-json\/wp\/v2\/posts\/404355\/revisions"}],"wp:featuredmedia":[{"embeddable":true,"href":"http:\/\/desarrollo.grupomedios.com\/futbol\/wp-json\/wp\/v2\/media\/404363"}],"wp:attachment":[{"href":"http:\/\/desarrollo.grupomedios.com\/futbol\/wp-json\/wp\/v2\/media?parent=404355"}],"wp:term":[{"taxonomy":"category","embeddable":true,"href":"http:\/\/desarrollo.grupomedios.com\/futbol\/wp-json\/wp\/v2\/categories?post=404355"},{"taxonomy":"post_tag","embeddable":true,"href":"http:\/\/desarrollo.grupomedios.com\/futbol\/wp-json\/wp\/v2\/tags?post=404355"}],"curies":[{"name":"wp","href":"https:\/\/api.w.org\/{rel}","templated":true}]}}