{"id":404356,"date":"2016-06-16T15:38:38","date_gmt":"2016-06-16T21:38:38","guid":{"rendered":"http:\/\/www.futboltotal.com.mx\/?p=404356"},"modified":"2016-06-16T16:56:43","modified_gmt":"2016-06-16T22:56:43","slug":"polonia-frena-a-alemania","status":"publish","type":"post","link":"http:\/\/desarrollo.grupomedios.com\/futbol\/futbol-internacional\/polonia-frena-a-alemania\/2016\/06","title":{"rendered":"Polonia frena a Alemania"},"content":{"rendered":"<p>La selecci\u00f3n de<strong> Alemania y<\/strong> <strong>Polonia<\/strong> regalaron un vibrante empate en la segunda jornada de Fase de Grupos de la <strong>Eurocopa 2016.\u00a0<\/strong>Los polacos estuvieron a la altura del campe\u00f3n del mundo y consiguieron dar batalla en Saint-Denis, neg\u00e1ndole la victoria al campe\u00f3n del mundo tras firmar un 0-0 que los ha dejado con punto en la bolsa, suficiente para mantener el segundo lugar del Grupo C con cuatro puntos, los mismo que la <em>Mannschaft,<\/em> l\u00edder del sector.<\/p>\n<p><strong>Alemania<\/strong> fue ampli\u00f3 dominador del encuentro y en el primer tiempo pudo romper el cero en la pizarra. Sin embargo, el delantero Mario G\u00f6tze fall\u00f3 la \u00fanica ocasi\u00f3n clara que tuvo frente al marco de Fabianski y acab\u00f3 sin goles.<\/p>\n<p>En el complemento, <strong>Polonia<\/strong> cambi\u00f3 la cara y consigui\u00f3 exigir a los pupilos de L\u00f6w, despu\u00e9s de una gran acci\u00f3n por la banda derecha en la cual el delantero Arkadiusz Milik abanic\u00f3 un gran servicio de\u00a0Blasczykowski. Los polacos tuvieron otro par de ocasiones para mover la pizarra, pero Jerome Boateng y Mats Hummel se encargaron de meterle freno a Robert Lewandowski y compa\u00f1\u00eda.<\/p>\n<p style=\"text-align: center;\"><span style=\"color: #3366ff;\"><strong><a style=\"color: #3366ff;\" href=\"http:\/\/www.futboltotal.com.mx\/2016\/06\/en-vivo-alemania-vs-polonia-eurocopa-2016\/\">LEER M\u00c1S: As\u00ed se vivi\u00f3: Alemania 0-0 Polonia<\/a><\/strong><\/span><\/p>\n<p><a href=\"http:\/\/www.futboltotal.com.mx\/wp-content\/uploads\/2016\/06\/Alemania-Kia-polonia.jpg\" rel=\"attachment wp-att-404376\"><img decoding=\"async\" loading=\"lazy\" class=\"alignnone size-full wp-image-404376\" src=\"http:\/\/www.futboltotal.com.mx\/wp-content\/uploads\/2016\/06\/Alemania-Kia-polonia.jpg\" alt=\"Alemania-Kia-polonia\" srcset=\"http:\/\/desarrollo.grupomedios.com\/futbol\/wp-content\/uploads\/2016\/06\/Alemania-Kia-polonia.jpg 858w, http:\/\/desarrollo.grupomedios.com\/futbol\/wp-content\/uploads\/2016\/06\/Alemania-Kia-polonia-200x300.jpg 200w, http:\/\/desarrollo.grupomedios.com\/futbol\/wp-content\/uploads\/2016\/06\/Alemania-Kia-polonia-768x1154.jpg 768w, http:\/\/desarrollo.grupomedios.com\/futbol\/wp-content\/uploads\/2016\/06\/Alemania-Kia-polonia-682x1024.jpg 682w\" sizes=\"(max-width: 858px) 100vw, 858px\" \/><\/a><\/p>\n","protected":false},"excerpt":{"rendered":"<p>La Mannschaft mantiene el liderato del Grupo C tras empatar en Saint-Denis<\/p>\n","protected":false},"author":20,"featured_media":404358,"comment_status":"closed","ping_status":"closed","sticky":false,"template":"","format":"standard","meta":[],"categories":[6995,3839,6999,5951],"tags":[6000,6152,1296],"_links":{"self":[{"href":"http:\/\/desarrollo.grupomedios.com\/futbol\/wp-json\/wp\/v2\/posts\/404356"}],"collection":[{"href":"http:\/\/desarrollo.grupomedios.com\/futbol\/wp-json\/wp\/v2\/posts"}],"about":[{"href":"http:\/\/desarrollo.grupomedios.com\/futbol\/wp-json\/wp\/v2\/types\/post"}],"author":[{"embeddable":true,"href":"http:\/\/desarrollo.grupomedios.com\/futbol\/wp-json\/wp\/v2\/users\/20"}],"replies":[{"embeddable":true,"href":"http:\/\/desarrollo.grupomedios.com\/futbol\/wp-json\/wp\/v2\/comments?post=404356"}],"version-history":[{"count":0,"href":"http:\/\/desarrollo.grupomedios.com\/futbol\/wp-json\/wp\/v2\/posts\/404356\/revisions"}],"wp:featuredmedia":[{"embeddable":true,"href":"http:\/\/desarrollo.grupomedios.com\/futbol\/wp-json\/wp\/v2\/media\/404358"}],"wp:attachment":[{"href":"http:\/\/desarrollo.grupomedios.com\/futbol\/wp-json\/wp\/v2\/media?parent=404356"}],"wp:term":[{"taxonomy":"category","embeddable":true,"href":"http:\/\/desarrollo.grupomedios.com\/futbol\/wp-json\/wp\/v2\/categories?post=404356"},{"taxonomy":"post_tag","embeddable":true,"href":"http:\/\/desarrollo.grupomedios.com\/futbol\/wp-json\/wp\/v2\/tags?post=404356"}],"curies":[{"name":"wp","href":"https:\/\/api.w.org\/{rel}","templated":true}]}}