{"id":404381,"date":"2016-06-16T16:22:49","date_gmt":"2016-06-16T22:22:49","guid":{"rendered":"http:\/\/www.futboltotal.com.mx\/?p=404381"},"modified":"2016-06-16T16:55:54","modified_gmt":"2016-06-16T22:55:54","slug":"liga-mx-da-a-conocer-calendario-del-apertura-2016","status":"publish","type":"post","link":"http:\/\/desarrollo.grupomedios.com\/futbol\/destacado-home\/liga-mx-da-a-conocer-calendario-del-apertura-2016\/2016\/06","title":{"rendered":"OFICIAL: Calendario del Apertura 2016"},"content":{"rendered":"<p>La <strong><a href=\"http:\/\/www.futboltotal.com.mx\/futbol-mexicano\/\" target=\"_blank\">Liga MX<\/a><\/strong> da a conocer el <strong>calendario del Apertura 2016<\/strong>, torneo que\u00a0inicia el pr\u00f3ximo 15 de julio con el duelo entre los <em>Xolos<\/em> de Tijuana y <em>Monarcas<\/em> Morelia. Cabe destacar que la <em>M\u00e1quina<\/em>\u00a0de Cruz Azul ser\u00e1 el primer rival del reci\u00e9n ascendido: los\u00a0<em>Rayos<\/em>\u00a0del Necaxa.<\/p>\n<blockquote class=\"twitter-tweet\" data-lang=\"es\">\n<p dir=\"ltr\" lang=\"es\">Consulta completo el <a href=\"https:\/\/twitter.com\/hashtag\/CalendarioA16?src=hash\">#CalendarioA16<\/a> de la <a href=\"https:\/\/twitter.com\/hashtag\/LIGABancomerMX?src=hash\">#LIGABancomerMX<\/a>: <a href=\"https:\/\/t.co\/seAqHWP1UY\">https:\/\/t.co\/seAqHWP1UY<\/a><\/p>\n<p>\u2014 LIGA Bancomer MX (@LIGABancomerMX) <a href=\"https:\/\/twitter.com\/LIGABancomerMX\/status\/743561773253435392\">16 de junio de 2016<\/a><\/p><\/blockquote>\n<p><script src=\"\/\/platform.twitter.com\/widgets.js\" async=\"\" charset=\"utf-8\"><\/script><\/p>\n<p>El campe\u00f3n Pachuca abrir\u00e1 su participaci\u00f3n el s\u00e1bado 16 de julio a las 19:06 horas,\u00a0cuando reciba al Le\u00f3n en el estadio Hidalgo, equipo con el que se enfrent\u00f3 en semifinales del Clausura 2016.\u00a0El subcampe\u00f3n Monterrey, por su parte, abrir\u00e1 su participaci\u00f3n recibiendo a Puebla el s\u00e1bado a las 19:00 hrs.<\/p>\n<p>El Cl\u00e1sico Tapat\u00edo entre Chivas\u00a0y Atlas se jugar\u00e1 el s\u00e1bado 20 de agosto en el Estadio Chivas a las 21:00 horas,\u00a0en el marco de la jornada 6. Y el <strong>Cl\u00e1sico Nacional<\/strong>, duelo entre las\u00a0<em>\u00c1guilas<\/em>\u00a0y el\u00a0<em>Reba\u00f1o<\/em>, lo recibir\u00e1 el Am\u00e9rica el s\u00e1bado 27 de agosto en el Estadio Azteca, a las 21:00 horas, dentro de\u00a0la jornada 7. Ese mismo d\u00eda\u00a0habr\u00e1 reedici\u00f3n de la Gran Final, cuando Pachuca reciba a <em>Rayados<\/em>\u00a0en el estadio Hidalgo.<\/p>\n<p style=\"text-align: center;\"><span style=\"color: #3366ff;\"><strong><a style=\"color: #3366ff;\" href=\"http:\/\/www.futboltotal.com.mx\/2016\/06\/futbol-estufa-rumbo-al-apertura-2016-altas-bajas-rumores\/\">LEER M\u00c1S: FUTBOL DE ESTUFA | Rumbo al Apertura 2016<\/a><\/strong><\/span><\/p>\n<p>El Cl\u00e1sico Regio se desarrollar\u00e1 el s\u00e1bado 29 de octubre en el estadio Universitario,\u00a0con Tigres recibiendo a <em>Rayados<\/em>, en el marco de la jornada 15.<\/p>\n<p>La \u00faltima fecha, la 17, se jugar\u00e1 entre el 18 y 20 de noviembre para empezar la Liguilla\u00a0el 23 y 24 de noviembre. La Gran Final ser\u00e1 entre el 8 y 11 de diciembre o el 22 y 25 de diciembre, dependiendo de la participaci\u00f3n del Am\u00e9rica.<\/p>\n<p><strong><span style=\"color: #800000;\">HORARIOS&#8230;<\/span><\/strong> De igual forma se confirman nuevos horarios para algunos clubes: Tijuana y Veracruz jugar\u00e1n los viernes a las 21:00 horas (TCM).<\/p>\n<p>El s\u00e1bado sufri\u00f3 varias modificaciones: <em>Gallos Blancos<\/em> de Quer\u00e9taro y <em>Jaguares<\/em> de Chiapas se movieron a las 17:00 horas (los chiapanecos jugar\u00e1n algunos partidos como local en domingo), mientras que\u00a0Atlas y <em>Monarcas<\/em> se adelantaron a las 19:00 horas; Pachuca y Le\u00f3n comenzar\u00e1n sus partidos a las 19:06 horas.<\/p>\n<p>En tanto, Am\u00e9rica, Chivas y Necaxa disputar\u00e1n sus partidos en casa a las 21:00 horas. Por \u00faltimo, el domingo Santos y Puebla cerrar\u00e1n las jornadas en casa a las 18:00 horas.<\/p>\n<p style=\"text-align: center;\"><strong><span style=\"color: #3366ff;\"><a style=\"color: #3366ff;\" href=\"http:\/\/www.futboltotal.com.mx\/2016\/06\/oribe-peralta-maximo-goleador-la-liga-mx-en-los-ultimos-cuatro-anos\/\" target=\"_blank\">LEER M\u00c1S: Oribe Peralta, m\u00e1ximo artillero de la Liga MX<\/a><\/span><\/strong><\/p>\n<p>Cruz Azul, Monterrey, Tigres, Toluca y Pumas\u00a0son los clubes que mantienen sus tradicionales horarios. Los <em>Celestes<\/em> disputar\u00e1n los duelos en el estadio Azul los s\u00e1bados a las 17:00 horas;\u00a0los dos\u00a0equipos regiomontanos\u00a0jugar\u00e1n los s\u00e1bados a las 19:00 horas; mientras que\u00a0<em>Diablos<\/em> y el cuadro de la UNAM\u00a0ser\u00e1n locales al mediod\u00eda los domingos.<\/p>\n<p>&nbsp;<\/p>\n<p>Para ver el calendario completo,\u00a0la <strong>Liga MX<\/strong>\u00a0lo pone disponible <a href=\"https:\/\/s3.amazonaws.com\/lmxwebsite\/docs\/publicaciones\/ligamx\/LIGA-MX-A16.pdf\" target=\"_blank\">AQU\u00cd: Apertura 2016<\/a>.<\/p>\n<p><em>Con informaci\u00f3n de la Liga MX<\/em><\/p>\n","protected":false},"excerpt":{"rendered":"<p>El nuevo torneo de la Liga MX iniciar\u00e1 el pr\u00f3ximo 15 de julio<\/p>\n","protected":false},"author":20,"featured_media":404382,"comment_status":"closed","ping_status":"closed","sticky":false,"template":"","format":"standard","meta":[],"categories":[5,2198,3845],"tags":[6927,64],"_links":{"self":[{"href":"http:\/\/desarrollo.grupomedios.com\/futbol\/wp-json\/wp\/v2\/posts\/404381"}],"collection":[{"href":"http:\/\/desarrollo.grupomedios.com\/futbol\/wp-json\/wp\/v2\/posts"}],"about":[{"href":"http:\/\/desarrollo.grupomedios.com\/futbol\/wp-json\/wp\/v2\/types\/post"}],"author":[{"embeddable":true,"href":"http:\/\/desarrollo.grupomedios.com\/futbol\/wp-json\/wp\/v2\/users\/20"}],"replies":[{"embeddable":true,"href":"http:\/\/desarrollo.grupomedios.com\/futbol\/wp-json\/wp\/v2\/comments?post=404381"}],"version-history":[{"count":0,"href":"http:\/\/desarrollo.grupomedios.com\/futbol\/wp-json\/wp\/v2\/posts\/404381\/revisions"}],"wp:featuredmedia":[{"embeddable":true,"href":"http:\/\/desarrollo.grupomedios.com\/futbol\/wp-json\/wp\/v2\/media\/404382"}],"wp:attachment":[{"href":"http:\/\/desarrollo.grupomedios.com\/futbol\/wp-json\/wp\/v2\/media?parent=404381"}],"wp:term":[{"taxonomy":"category","embeddable":true,"href":"http:\/\/desarrollo.grupomedios.com\/futbol\/wp-json\/wp\/v2\/categories?post=404381"},{"taxonomy":"post_tag","embeddable":true,"href":"http:\/\/desarrollo.grupomedios.com\/futbol\/wp-json\/wp\/v2\/tags?post=404381"}],"curies":[{"name":"wp","href":"https:\/\/api.w.org\/{rel}","templated":true}]}}