{"id":404404,"date":"2016-06-16T16:55:57","date_gmt":"2016-06-16T22:55:57","guid":{"rendered":"http:\/\/www.futboltotal.com.mx\/?p=404404"},"modified":"2016-06-16T16:55:57","modified_gmt":"2016-06-16T22:55:57","slug":"nace-hijo-rafael-marquez","status":"publish","type":"post","link":"http:\/\/desarrollo.grupomedios.com\/futbol\/futbol-mexicano\/nace-hijo-rafael-marquez\/2016\/06","title":{"rendered":"\u00a1Rafa, listo para reincorporarse al TRI!"},"content":{"rendered":"<p>Este jueves 16 de junio, medios nacionales e internacionales, confirmaron el nacimiento del hijo del futbolista <strong>Rafael M\u00e1rquez<\/strong> y de la modelo <strong>Jaydy Michel<\/strong>, raz\u00f3n por la que, como estaba pronosticado, el <em>K\u00e1iser<\/em> podr\u00e1 reincorporarse a la concentraci\u00f3n del <em>TRI<\/em>, a m\u00e1s tardar el viernes, para poder competir en la <strong>Copa Am\u00e9rica<\/strong>.<\/p>\n<p>La <strong><a href=\"http:\/\/futboltotal.com.mx\/futbol-mexicano\/seleccion-mexicana\/\" target=\"_blank\">Selecci\u00f3n Mexicana<\/a><\/strong> y el <strong><a href=\"http:\/\/futboltotal.com.mx\/equipos\/atlas\/\" target=\"_blank\">Club Atlas<\/a><\/strong>, felicitaron a <strong>Rafael M\u00e1rquez<\/strong> y <strong>Jaydy Michel<\/strong> por la llegada del nuevo miembro de su familia. La Federaci\u00f3n Mexicana de Futbol, fue la primera en conocer la noticia.<\/p>\n<p style=\"text-align: center;\"><span style=\"color: #3366ff;\"><strong><a style=\"color: #3366ff;\" href=\"http:\/\/www.futboltotal.com.mx\/2016\/06\/chicas-eurocopa-vs-copa-america-las-jovenes-belinda-vs-emma-watson\/\" target=\"_blank\">LEER M\u00c1S: Copa Am\u00e9rica vs. Euro | Las m\u00e1s j\u00f3venes<\/a><\/strong><\/span><\/p>\n<blockquote class=\"twitter-tweet\" data-lang=\"es\">\n<p dir=\"ltr\" lang=\"es\">\u00a1Muchas felicidades <a href=\"https:\/\/twitter.com\/RafaMarquezMX\">@RafaMarquezMX<\/a> y <a href=\"https:\/\/twitter.com\/Jaydy_Michel\">@Jaydy_Michel<\/a> por el nacimiento de su hijo!<br \/>\n\u00a1Bienvenido a la familia Rojinegra! <a href=\"https:\/\/t.co\/vmgMn9aKOS\">pic.twitter.com\/vmgMn9aKOS<\/a><\/p>\n<p>\u2014 Atlas FC (@atlasfc) <a href=\"https:\/\/twitter.com\/atlasfc\/status\/743550428864880640\">16 de junio de 2016<\/a><\/p><\/blockquote>\n<p><script src=\"\/\/platform.twitter.com\/widgets.js\" async=\"\" charset=\"utf-8\"><\/script><\/p>\n<blockquote class=\"twitter-tweet\" data-lang=\"es\">\n<p dir=\"ltr\" lang=\"es\"><a href=\"https:\/\/twitter.com\/hashtag\/NotiTuit?src=hash\">#NotiTuit<\/a> <a href=\"https:\/\/twitter.com\/UnVasoDeLALA\">@UnVasoDeLALA<\/a><br \/>\nPor el nacimiento de su hijo, <a href=\"https:\/\/twitter.com\/RafaMarquezMX\">@RafaMarquezMX<\/a> viaj\u00f3 a Guadalajara.<br \/>\n\u00a1Felicidades, Capi!<a href=\"https:\/\/t.co\/1PVmdTkQe3\">https:\/\/t.co\/1PVmdTkQe3<\/a><\/p>\n<p>\u2014 Selecci\u00f3n Nacional (@miseleccionmx) <a href=\"https:\/\/twitter.com\/miseleccionmx\/status\/743274462376660992\">16 de junio de 2016<\/a><\/p><\/blockquote>\n<p><span style=\"color: #ff0000;\"><strong>VIDEO: Los mejores goles de la Copa Am\u00e9rica<\/strong><\/span><\/p>\n<p>[video_player]https:\/\/player.vimeo.com\/external\/170859790.hd.mp4?s=a5987411c1f34f5ecbdcbad20c6af9a57c446351&amp;profile_id=174[\/video_player]<\/p>\n","protected":false},"excerpt":{"rendered":"<p>El TRI y Atlas, felicitan a Rafa por el nacimiento de su hijo<\/p>\n","protected":false},"author":20,"featured_media":404410,"comment_status":"closed","ping_status":"closed","sticky":false,"template":"","format":"standard","meta":[],"categories":[5419,6950,2198,3847,6951],"tags":[5460,2130,142,6033],"_links":{"self":[{"href":"http:\/\/desarrollo.grupomedios.com\/futbol\/wp-json\/wp\/v2\/posts\/404404"}],"collection":[{"href":"http:\/\/desarrollo.grupomedios.com\/futbol\/wp-json\/wp\/v2\/posts"}],"about":[{"href":"http:\/\/desarrollo.grupomedios.com\/futbol\/wp-json\/wp\/v2\/types\/post"}],"author":[{"embeddable":true,"href":"http:\/\/desarrollo.grupomedios.com\/futbol\/wp-json\/wp\/v2\/users\/20"}],"replies":[{"embeddable":true,"href":"http:\/\/desarrollo.grupomedios.com\/futbol\/wp-json\/wp\/v2\/comments?post=404404"}],"version-history":[{"count":0,"href":"http:\/\/desarrollo.grupomedios.com\/futbol\/wp-json\/wp\/v2\/posts\/404404\/revisions"}],"wp:featuredmedia":[{"embeddable":true,"href":"http:\/\/desarrollo.grupomedios.com\/futbol\/wp-json\/wp\/v2\/media\/404410"}],"wp:attachment":[{"href":"http:\/\/desarrollo.grupomedios.com\/futbol\/wp-json\/wp\/v2\/media?parent=404404"}],"wp:term":[{"taxonomy":"category","embeddable":true,"href":"http:\/\/desarrollo.grupomedios.com\/futbol\/wp-json\/wp\/v2\/categories?post=404404"},{"taxonomy":"post_tag","embeddable":true,"href":"http:\/\/desarrollo.grupomedios.com\/futbol\/wp-json\/wp\/v2\/tags?post=404404"}],"curies":[{"name":"wp","href":"https:\/\/api.w.org\/{rel}","templated":true}]}}