{"id":404450,"date":"2016-06-16T20:34:42","date_gmt":"2016-06-17T02:34:42","guid":{"rendered":"http:\/\/www.futboltotal.com.mx\/?p=404450"},"modified":"2016-06-16T20:34:42","modified_gmt":"2016-06-17T02:34:42","slug":"alina-moine-se-levanta-vestido-en-transmision-fox-sports","status":"publish","type":"post","link":"http:\/\/desarrollo.grupomedios.com\/futbol\/cambio-de-juego\/alina-moine-se-levanta-vestido-en-transmision-fox-sports\/2016\/06","title":{"rendered":"Descuido de conductora de TV deportiva"},"content":{"rendered":"<p>La conductora de deportes y modelo argentina, <strong>Alina Moine<\/strong>, tuvo un descuido durante una transmisi\u00f3n de la cadena <em>Fox Sports<\/em> en su pa\u00eds, donde, sin saber por qu\u00e9 lo hizo, se levant\u00f3 el vestido y dej\u00f3 entrever su ropa \u00edntima a los televidentes.<\/p>\n<p style=\"text-align: center;\"><span style=\"color: #3366ff;\"><strong><a style=\"color: #3366ff;\" href=\"http:\/\/www.futboltotal.com.mx\/2016\/06\/nace-hijo-rafael-marquez\/\" target=\"_blank\">LEER M\u00c1S: Rafa est\u00e1 listo para reintegrarse con el TRI<\/a><\/strong><\/span><\/p>\n<p><iframe loading=\"lazy\" src=\"https:\/\/www.youtube.com\/embed\/eVs6ICZ1C2s\" frameborder=\"0\" allowfullscreen=\"allowfullscreen\"><\/iframe><\/p>\n","protected":false},"excerpt":{"rendered":"<p>Alina Moine se levanta vestido en transmisi\u00f3n de Fox Sports<\/p>\n","protected":false},"author":20,"featured_media":404451,"comment_status":"closed","ping_status":"closed","sticky":false,"template":"","format":"standard","meta":[],"categories":[5419],"tags":[5460,1490],"_links":{"self":[{"href":"http:\/\/desarrollo.grupomedios.com\/futbol\/wp-json\/wp\/v2\/posts\/404450"}],"collection":[{"href":"http:\/\/desarrollo.grupomedios.com\/futbol\/wp-json\/wp\/v2\/posts"}],"about":[{"href":"http:\/\/desarrollo.grupomedios.com\/futbol\/wp-json\/wp\/v2\/types\/post"}],"author":[{"embeddable":true,"href":"http:\/\/desarrollo.grupomedios.com\/futbol\/wp-json\/wp\/v2\/users\/20"}],"replies":[{"embeddable":true,"href":"http:\/\/desarrollo.grupomedios.com\/futbol\/wp-json\/wp\/v2\/comments?post=404450"}],"version-history":[{"count":0,"href":"http:\/\/desarrollo.grupomedios.com\/futbol\/wp-json\/wp\/v2\/posts\/404450\/revisions"}],"wp:featuredmedia":[{"embeddable":true,"href":"http:\/\/desarrollo.grupomedios.com\/futbol\/wp-json\/wp\/v2\/media\/404451"}],"wp:attachment":[{"href":"http:\/\/desarrollo.grupomedios.com\/futbol\/wp-json\/wp\/v2\/media?parent=404450"}],"wp:term":[{"taxonomy":"category","embeddable":true,"href":"http:\/\/desarrollo.grupomedios.com\/futbol\/wp-json\/wp\/v2\/categories?post=404450"},{"taxonomy":"post_tag","embeddable":true,"href":"http:\/\/desarrollo.grupomedios.com\/futbol\/wp-json\/wp\/v2\/tags?post=404450"}],"curies":[{"name":"wp","href":"https:\/\/api.w.org\/{rel}","templated":true}]}}