{"id":404495,"date":"2016-06-17T17:46:39","date_gmt":"2016-06-17T23:46:39","guid":{"rendered":"http:\/\/www.futboltotal.com.mx\/?p=404495"},"modified":"2016-06-18T01:14:42","modified_gmt":"2016-06-18T07:14:42","slug":"en-vivo-peru-vs-colombia-copa-america","status":"publish","type":"post","link":"http:\/\/desarrollo.grupomedios.com\/futbol\/futbol-internacional\/en-vivo-peru-vs-colombia-copa-america\/2016\/06","title":{"rendered":"AS\u00cd SE VIVI\u00d3 | Per\u00fa 0 (2) -0 (4) Colombia | Copa Am\u00e9rica"},"content":{"rendered":"<p><a class=\"twitter-timeline\" href=\"https:\/\/twitter.com\/search?q=from%3Afutboltotal\" data-widget-id=\"740569918723133441\">Tweets sobre from:futboltotal<\/a><br \/>\n<script>\/\/ <![CDATA[\n!function(d,s,id){var js,fjs=d.getElementsByTagName(s)[0],p=\/^http:\/.test(d.location)?'http':'https';if(!d.getElementById(id)){js=d.createElement(s);js.id=id;js.src=p+\":\/\/platform.twitter.com\/widgets.js\";fjs.parentNode.insertBefore(js,fjs);}}(document,\"script\",\"twitter-wjs\");\n\/\/ ]]><\/script><\/p>\n<p><a class=\"twitter-timeline\" href=\"https:\/\/twitter.com\/search?q=from%3ACA2016_sp%20OR%20from%3ATuFPF%20OR%20from%3AFCFSeleccionCol\" data-widget-id=\"743926078759002112\">Tweets sobre from:CA2016_sp OR from:TuFPF OR from:FCFSeleccionCol<\/a><br \/>\n<script>\/\/ <![CDATA[\n!function(d,s,id){var js,fjs=d.getElementsByTagName(s)[0],p=\/^http:\/.test(d.location)?'http':'https';if(!d.getElementById(id)){js=d.createElement(s);js.id=id;js.src=p+\":\/\/platform.twitter.com\/widgets.js\";fjs.parentNode.insertBefore(js,fjs);}}(document,\"script\",\"twitter-wjs\");\n\/\/ ]]><\/script><\/p>\n<p>En el MetLife Stadium de East Rutherford, New Jersey, <strong>Colombia<\/strong> y <strong>Per\u00fa<\/strong> se enfrentan por el segundo boleto a las Semifinales de la <strong>Copa Am\u00e9rica<\/strong>, donde, aunque los <em>Cafetaleros<\/em> lucen como favoritos, los <em>Incas<\/em> llegan motivados.<\/p>\n<p><strong>Colombia<\/strong> inici\u00f3 de la mejor forma en la <strong>Copa Am\u00e9rica Centenario<\/strong>, al vencer a Estados Unidos y a Paraguay, pero su sorpresiva ca\u00edda ante Costa Rica gener\u00f3 dudas entre propios y extra\u00f1os, sobre su capacidad para llegar lejos en esta edici\u00f3n del certamen internacional m\u00e1s antiguo del mundo.<\/p>\n<p>Por su parte <strong>Per\u00fa<\/strong>, llega a los Cuartos de Final sin haber perdido un solo encuentro de <strong>Copa Am\u00e9rica<\/strong>, pues venci\u00f3 a Hait\u00ed y empat\u00f3 con Ecuador en uno de los mejores juegos de la Fase de Grupos; pero donde m\u00e1s sorprendi\u00f3, fue al imponerse a Brasil y eliminarlo de la justa.<\/p>\n<p>Los <em>Cafetaleros<\/em> tienen ligera ventaja en el hombre a hombre, pues muchos de sus futbolistas no solo tienen experiencia internacional, sino que se encuentran en gran nivel, por lo que llegan con la presi\u00f3n de ser favoritos.<\/p>\n<p>Por su parte, el conjunto <em>Inca<\/em>, tiene que resolver sus problemas de definici\u00f3n, los cuales lo metieron en aprietos en cada uno de los partidos de la Fase de Grupos.<\/p>\n<p><strong>Colombia vs. Per\u00fa<\/strong>, \u00bfqui\u00e9n ganar\u00e1, <em>cracks<\/em>?<\/p>\n","protected":false},"excerpt":{"rendered":"<p>Los Incas van por otra hombrada<\/p>\n","protected":false},"author":20,"featured_media":404603,"comment_status":"closed","ping_status":"closed","sticky":false,"template":"","format":"standard","meta":[],"categories":[6950,3839,6953],"tags":[2130],"_links":{"self":[{"href":"http:\/\/desarrollo.grupomedios.com\/futbol\/wp-json\/wp\/v2\/posts\/404495"}],"collection":[{"href":"http:\/\/desarrollo.grupomedios.com\/futbol\/wp-json\/wp\/v2\/posts"}],"about":[{"href":"http:\/\/desarrollo.grupomedios.com\/futbol\/wp-json\/wp\/v2\/types\/post"}],"author":[{"embeddable":true,"href":"http:\/\/desarrollo.grupomedios.com\/futbol\/wp-json\/wp\/v2\/users\/20"}],"replies":[{"embeddable":true,"href":"http:\/\/desarrollo.grupomedios.com\/futbol\/wp-json\/wp\/v2\/comments?post=404495"}],"version-history":[{"count":0,"href":"http:\/\/desarrollo.grupomedios.com\/futbol\/wp-json\/wp\/v2\/posts\/404495\/revisions"}],"wp:featuredmedia":[{"embeddable":true,"href":"http:\/\/desarrollo.grupomedios.com\/futbol\/wp-json\/wp\/v2\/media\/404603"}],"wp:attachment":[{"href":"http:\/\/desarrollo.grupomedios.com\/futbol\/wp-json\/wp\/v2\/media?parent=404495"}],"wp:term":[{"taxonomy":"category","embeddable":true,"href":"http:\/\/desarrollo.grupomedios.com\/futbol\/wp-json\/wp\/v2\/categories?post=404495"},{"taxonomy":"post_tag","embeddable":true,"href":"http:\/\/desarrollo.grupomedios.com\/futbol\/wp-json\/wp\/v2\/tags?post=404495"}],"curies":[{"name":"wp","href":"https:\/\/api.w.org\/{rel}","templated":true}]}}