{"id":404559,"date":"2016-06-17T13:31:50","date_gmt":"2016-06-17T19:31:50","guid":{"rendered":"http:\/\/www.futboltotal.com.mx\/?p=404559"},"modified":"2016-06-17T13:36:30","modified_gmt":"2016-06-17T19:36:30","slug":"memo-rable-partido-ochoa","status":"publish","type":"post","link":"http:\/\/desarrollo.grupomedios.com\/futbol\/videos\/memo-rable-partido-ochoa\/2016\/06","title":{"rendered":"La MEMO-rable actuaci\u00f3n de Ochoa&#8230;"},"content":{"rendered":"<p><iframe loading=\"lazy\" src=\"https:\/\/www.youtube.com\/embed\/RhCHYcPw-D8\" frameborder=\"0\" allowfullscreen=\"allowfullscreen\"><\/iframe><\/p>\n<p>Hace justo dos a\u00f1os, <strong><a href=\"http:\/\/www.futboltotal.com.mx\/futbol-mexicano\/seleccion-mexicana\/\" target=\"_blank\">M\u00e9xico<\/a><\/strong> se top\u00f3 con <strong>Brasil<\/strong>\u00a0en la justa mundialista. El 0-0 en la pizarra final certific\u00f3 al <em>Tri<\/em>\u00a0como un rival aguerrido y a<strong>\u00a0Guillermo Ochoa<\/strong>\u00a0como la figura que\u00a0detuvo todos y cada uno de\u00a0los intensos embates de los delanteros brasile\u00f1os.<\/p>\n<p>Fortaleza le reserva un sitio de h\u00e9roe a <strong>Memo Ochoa<\/strong>, emblema del\u00a0<em>Tri<\/em>\u00a0en la\u00a0<strong>Copa del Mundo<\/strong> de 2014. El portero <em>azteca<\/em> tuvo\u00a0una actuaci\u00f3n \u00e9pica, inolvidable. Especialmente\u00a0se recuerda la\u00a0atajada descomunal a Neymar, elegida al final de la justa mundialista entre las de mayor calibre.<\/p>\n<blockquote class=\"twitter-tweet\" data-lang=\"es\">\n<p dir=\"ltr\" lang=\"es\">Ah 2 a\u00f1os del memorable partido de M\u00e9xico vs Brasil en la Copa del Mundo. El d\u00eda que Memo Ochoa se visti\u00f3 de h\u00e9roe. <a href=\"https:\/\/t.co\/3UGqXzzvPv\">pic.twitter.com\/3UGqXzzvPv<\/a><\/p>\n<p>\u2014 Somos Am\u00e9rica (@SomosAmerica) <a href=\"https:\/\/twitter.com\/SomosAmerica\/status\/743884293215137792\">17 de junio de 2016<\/a><\/p><\/blockquote>\n<p><script src=\"\/\/platform.twitter.com\/widgets.js\" async=\"\" charset=\"utf-8\"><\/script><\/p>\n<p><strong>Ochoa<\/strong>\u00a0le hizo ver su suerte al anfitri\u00f3n. A\u00a0Neymar\u00a0le neg\u00f3 un golazo con una calca de la atajada del siglo que protagonizaron Pel\u00e9 y Gordon Banks en el Mundial M\u00e9xico 70. De aquella <strong>MEMOrable<\/strong> actuaci\u00f3n este\u00a017 de junio se cumplen dos a\u00f1os.<\/p>\n<p>Aquel partido de\u00a0<strong>Ochoa<\/strong>, donde hizo cuatro atajadas que ayudaron al\u00a0<em>Tricolor<\/em>\u00a0a sumar un puntito de oro para superar la Fase de Grupos, ser\u00e1 inolvidable.<\/p>\n","protected":false},"excerpt":{"rendered":"<p>Hace justo dos a\u00f1os, fue h\u00e9roe ante Brasil<\/p>\n","protected":false},"author":20,"featured_media":404562,"comment_status":"closed","ping_status":"closed","sticky":false,"template":"","format":"standard","meta":[],"categories":[3847,4],"tags":[679],"_links":{"self":[{"href":"http:\/\/desarrollo.grupomedios.com\/futbol\/wp-json\/wp\/v2\/posts\/404559"}],"collection":[{"href":"http:\/\/desarrollo.grupomedios.com\/futbol\/wp-json\/wp\/v2\/posts"}],"about":[{"href":"http:\/\/desarrollo.grupomedios.com\/futbol\/wp-json\/wp\/v2\/types\/post"}],"author":[{"embeddable":true,"href":"http:\/\/desarrollo.grupomedios.com\/futbol\/wp-json\/wp\/v2\/users\/20"}],"replies":[{"embeddable":true,"href":"http:\/\/desarrollo.grupomedios.com\/futbol\/wp-json\/wp\/v2\/comments?post=404559"}],"version-history":[{"count":0,"href":"http:\/\/desarrollo.grupomedios.com\/futbol\/wp-json\/wp\/v2\/posts\/404559\/revisions"}],"wp:featuredmedia":[{"embeddable":true,"href":"http:\/\/desarrollo.grupomedios.com\/futbol\/wp-json\/wp\/v2\/media\/404562"}],"wp:attachment":[{"href":"http:\/\/desarrollo.grupomedios.com\/futbol\/wp-json\/wp\/v2\/media?parent=404559"}],"wp:term":[{"taxonomy":"category","embeddable":true,"href":"http:\/\/desarrollo.grupomedios.com\/futbol\/wp-json\/wp\/v2\/categories?post=404559"},{"taxonomy":"post_tag","embeddable":true,"href":"http:\/\/desarrollo.grupomedios.com\/futbol\/wp-json\/wp\/v2\/tags?post=404559"}],"curies":[{"name":"wp","href":"https:\/\/api.w.org\/{rel}","templated":true}]}}