{"id":404569,"date":"2016-06-17T14:15:21","date_gmt":"2016-06-17T20:15:21","guid":{"rendered":"http:\/\/www.futboltotal.com.mx\/?p=404569"},"modified":"2016-06-17T14:15:21","modified_gmt":"2016-06-17T20:15:21","slug":"hector-herrera-acuerdo-napoli","status":"publish","type":"post","link":"http:\/\/desarrollo.grupomedios.com\/futbol\/destacado-home\/hector-herrera-acuerdo-napoli\/2016\/06","title":{"rendered":"H\u00e9ctor Herrera, con acuerdo con el Napoli"},"content":{"rendered":"<p>Todo indica que la llegada de <strong>H\u00e9ctor Herrera<\/strong> al <strong>Napoli<\/strong> es inminente. La \u00faltima versi\u00f3n entorno al tema, apunta hacia un acuerdo inicial entre el cuadro italiano y el volante mexicano.<\/p>\n<p>Seg\u00fan informa el periodista italiano Gianluca Di Marzio, el equipo de la Serie A ya tendr\u00eda un acuerdo con el promotor de <strong>H\u00e9ctor Herrera<\/strong>, actual jugador del Porto, a la espera de ultimar peque\u00f1os detalles entre las directivas para cerrar la negociaci\u00f3n.<\/p>\n<p style=\"text-align: center;\"><span style=\"color: #3366ff;\"><strong><a style=\"color: #3366ff;\" href=\"http:\/\/www.futboltotal.com.mx\/2016\/05\/hector-herrera-baluarte-del-porto-temporada\/\">LEER M\u00c1S: H\u00e9ctor Herrera, baluarte del Porto<\/a><\/strong><\/span><\/p>\n<p>&#8220;El mercado de <strong>Napoli<\/strong> cada vez est\u00e1 m\u00e1s en vivo y quieren dar a Maurizio Sarri un refuerzo importante en el centro del campo y el objetivo elegido, el perfil elegido, es <strong>H\u00e9ctor Herrera<\/strong>, actualmente en Porto.<\/p>\n<p>\u201cEl presidente del club, De Laurentiis, se reuni\u00f3 con el representante del jugador, con el que tiene un acuerdo total. Ahora le toca al agente volver a los Estados Unidos -donde el jugador <em>azteca<\/em> disputa la Copa Am\u00e9rica- hablar con el mexicano&#8221;, sostiene el periodista de <em>Sky Sports<\/em> en Italia.<\/p>\n<blockquote class=\"twitter-tweet\" data-lang=\"es\">\n<p dir=\"ltr\" lang=\"en\">Join <a href=\"https:\/\/twitter.com\/lucia_villalon\">@lucia_villalon<\/a>, <a href=\"https:\/\/twitter.com\/CH14_\">@CH14_<\/a> and <a href=\"https:\/\/twitter.com\/Miguel_layun\">@Miguel_layun<\/a> in the Golden Gate City: <a href=\"https:\/\/t.co\/TiMNu2v6yl\">https:\/\/t.co\/TiMNu2v6yl<\/a> <a href=\"https:\/\/twitter.com\/hashtag\/LuciasCopa?src=hash\">#LuciasCopa<\/a>  <a href=\"https:\/\/t.co\/EnwMyvmMAI\">pic.twitter.com\/EnwMyvmMAI<\/a><\/p>\n<p>\u2014 Bundesliga (@Bundesliga_EN) <a href=\"https:\/\/twitter.com\/Bundesliga_EN\/status\/743838620767780865\">17 de junio de 2016<\/a><\/p><\/blockquote>\n<p><script src=\"\/\/platform.twitter.com\/widgets.js\" async=\"\" charset=\"utf-8\"><\/script><\/p>\n<p><strong>H\u00e9ctor Herrera<\/strong>\u00a0tiene un contrato con los\u00a0<em>Dragones\u00a0<\/em>hasta 2019 y tras la \u00faltima renovaci\u00f3n que firm\u00f3 en septiembre del 2015, el club mantuvo su cl\u00e1usula de rescisi\u00f3n en 40 millones de euros. Sin embargo, ante el serio inter\u00e9s del\u00a0<strong>Napoli<\/strong>\u00a0por ficharlo, el cuadro <em>luso<\/em> ha fijado el precio de su traspaso en 25 millones de euros.<\/p>\n","protected":false},"excerpt":{"rendered":"<p>Luce inminente la llegada del mexicano al futbol de Italia<\/p>\n","protected":false},"author":20,"featured_media":404570,"comment_status":"closed","ping_status":"closed","sticky":false,"template":"","format":"standard","meta":[],"categories":[5,3839,3848,6718],"tags":[5995,160],"_links":{"self":[{"href":"http:\/\/desarrollo.grupomedios.com\/futbol\/wp-json\/wp\/v2\/posts\/404569"}],"collection":[{"href":"http:\/\/desarrollo.grupomedios.com\/futbol\/wp-json\/wp\/v2\/posts"}],"about":[{"href":"http:\/\/desarrollo.grupomedios.com\/futbol\/wp-json\/wp\/v2\/types\/post"}],"author":[{"embeddable":true,"href":"http:\/\/desarrollo.grupomedios.com\/futbol\/wp-json\/wp\/v2\/users\/20"}],"replies":[{"embeddable":true,"href":"http:\/\/desarrollo.grupomedios.com\/futbol\/wp-json\/wp\/v2\/comments?post=404569"}],"version-history":[{"count":0,"href":"http:\/\/desarrollo.grupomedios.com\/futbol\/wp-json\/wp\/v2\/posts\/404569\/revisions"}],"wp:featuredmedia":[{"embeddable":true,"href":"http:\/\/desarrollo.grupomedios.com\/futbol\/wp-json\/wp\/v2\/media\/404570"}],"wp:attachment":[{"href":"http:\/\/desarrollo.grupomedios.com\/futbol\/wp-json\/wp\/v2\/media?parent=404569"}],"wp:term":[{"taxonomy":"category","embeddable":true,"href":"http:\/\/desarrollo.grupomedios.com\/futbol\/wp-json\/wp\/v2\/categories?post=404569"},{"taxonomy":"post_tag","embeddable":true,"href":"http:\/\/desarrollo.grupomedios.com\/futbol\/wp-json\/wp\/v2\/tags?post=404569"}],"curies":[{"name":"wp","href":"https:\/\/api.w.org\/{rel}","templated":true}]}}