{"id":404595,"date":"2016-06-17T23:07:32","date_gmt":"2016-06-18T05:07:32","guid":{"rendered":"http:\/\/www.futboltotal.com.mx\/?p=404595"},"modified":"2016-06-17T23:07:32","modified_gmt":"2016-06-18T05:07:32","slug":"portero-peruano-nuevo-refuerzo-veracruz","status":"publish","type":"post","link":"http:\/\/desarrollo.grupomedios.com\/futbol\/futbol-mexicano\/portero-peruano-nuevo-refuerzo-veracruz\/2016\/06","title":{"rendered":"Portero peruano, nuevo refuerzo del Veracruz"},"content":{"rendered":"<p>El portero de la Selecci\u00f3n de <strong>Per\u00fa<\/strong>, <strong>Pedro Gallese<\/strong>, ser\u00e1 el nuevo portero del <span style=\"color: #ff0000;\"><a style=\"color: #ff0000;\" href=\"http:\/\/www.futboltotal.com.mx\/equipos\/veracruz\/\" target=\"_blank\">Veracruz<\/a><\/span>, despu\u00e9s que el representante del jugador anunciara que esta noche se cerrar\u00e1 la negociaci\u00f3n con la directiva.<\/p>\n<p>Gallese actualmente se encuentra disputando la <strong>Copa Am\u00e9rica<\/strong>, en donde ha sido titular en los tres partidos de los andinos y buscar\u00e1 su pase a la Semifinal cuando enfrente a Colombia.<\/p>\n<p>Su representante, Cristian Lagrotta, ha confirmado que el jugador llegar\u00e1 al puerto veracruzano para defender la meta de los\u00a0<em>Tiburones Rojos.<\/em><\/p>\n<p>&#8220;Estamos llegando a Lima para reunirnos con la gente de M\u00e9xico y calculamos que esta noche ya ser\u00e1 nuevo jugador de <strong>Veracruz<\/strong>. Faltan algunas cl\u00e1usulas sobre el contrato, pero pr\u00e1cticamente su destino es M\u00e9xico. El contrato es por tres a\u00f1os. Ahora vamos a arreglar todo con Aurich (su ex-equipo), pero ya tenemos un acuerdo de palabra para que pertenezca al <strong>Veracruz<\/strong>&#8220;, declar\u00f3.<\/p>\n<p style=\"text-align: center;\"><span style=\"color: #3366ff;\">LEER M\u00c1S:\u00a0<a style=\"color: #3366ff;\" href=\"http:\/\/www.futboltotal.com.mx\/2016\/06\/pumas-concedera-una-segunda-oportunidad\/\">Pumas concede una segunda oportunidad\u2026<\/a><\/span><\/p>\n<p>Estas declaraciones se las dio al programa peruano\u00a0<em>Barrio Futbol,<\/em> en donde confes\u00f3 que el acuerdo entre el Juan Aurich y <strong>Veracruz<\/strong> se dio por 500 mil d\u00f3lares y el 80 por ciento de la carta del guardameta.<\/p>\n","protected":false},"excerpt":{"rendered":"<p>El arquero se arreglar\u00e1 despu\u00e9s de su partido de Copa Am\u00e9rica<\/p>\n","protected":false},"author":20,"featured_media":404597,"comment_status":"closed","ping_status":"closed","sticky":false,"template":"","format":"standard","meta":[],"categories":[2198,3845,5950],"tags":[64,7204,722,6049],"_links":{"self":[{"href":"http:\/\/desarrollo.grupomedios.com\/futbol\/wp-json\/wp\/v2\/posts\/404595"}],"collection":[{"href":"http:\/\/desarrollo.grupomedios.com\/futbol\/wp-json\/wp\/v2\/posts"}],"about":[{"href":"http:\/\/desarrollo.grupomedios.com\/futbol\/wp-json\/wp\/v2\/types\/post"}],"author":[{"embeddable":true,"href":"http:\/\/desarrollo.grupomedios.com\/futbol\/wp-json\/wp\/v2\/users\/20"}],"replies":[{"embeddable":true,"href":"http:\/\/desarrollo.grupomedios.com\/futbol\/wp-json\/wp\/v2\/comments?post=404595"}],"version-history":[{"count":0,"href":"http:\/\/desarrollo.grupomedios.com\/futbol\/wp-json\/wp\/v2\/posts\/404595\/revisions"}],"wp:featuredmedia":[{"embeddable":true,"href":"http:\/\/desarrollo.grupomedios.com\/futbol\/wp-json\/wp\/v2\/media\/404597"}],"wp:attachment":[{"href":"http:\/\/desarrollo.grupomedios.com\/futbol\/wp-json\/wp\/v2\/media?parent=404595"}],"wp:term":[{"taxonomy":"category","embeddable":true,"href":"http:\/\/desarrollo.grupomedios.com\/futbol\/wp-json\/wp\/v2\/categories?post=404595"},{"taxonomy":"post_tag","embeddable":true,"href":"http:\/\/desarrollo.grupomedios.com\/futbol\/wp-json\/wp\/v2\/tags?post=404595"}],"curies":[{"name":"wp","href":"https:\/\/api.w.org\/{rel}","templated":true}]}}