{"id":404610,"date":"2016-06-18T12:02:21","date_gmt":"2016-06-18T18:02:21","guid":{"rendered":"http:\/\/www.futboltotal.com.mx\/?p=404610"},"modified":"2016-06-18T17:51:21","modified_gmt":"2016-06-18T23:51:21","slug":"en-vivo-islandia-vs-hungria-eurocopa-2016","status":"publish","type":"post","link":"http:\/\/desarrollo.grupomedios.com\/futbol\/futbol-internacional\/en-vivo-islandia-vs-hungria-eurocopa-2016\/2016\/06","title":{"rendered":"AS\u00cd SE VIVI\u00d3 | Islandia 1-1 Hungr\u00eda | Euro 2016"},"content":{"rendered":"<p><a class=\"twitter-timeline\" href=\"https:\/\/twitter.com\/UEFAcom_es\">Tweets by UEFAcom_es<\/a><script src=\"\/\/platform.twitter.com\/widgets.js\" async=\"\" charset=\"utf-8\"><\/script><\/p>\n<p>Niza (Francia), 17 jun (EFE).- <strong><span class=\"classCadenaBusqueda\">Islandia<\/span><\/strong>, con su camiseta inspirada en la pel\u00edcula &#8220;Evasi\u00f3n o Victoria&#8221; y su \u00e9pica defensa del empate ante Portugal, regresa en Marsella al centro de atenci\u00f3n de la <strong>Eurocopa<\/strong> este s\u00e1bado, en busca de un triunfo ante <strong>Hungr\u00eda<\/strong>, sorprendente vencedora ante Austria que, capitaneada por el &#8220;abuelo&#8221; del torneo, el meta Gabor Kiraly, apunta al primer puesto.<br \/>\n<img decoding=\"async\" loading=\"lazy\" class=\"alignnone size-full wp-image-404611\" src=\"http:\/\/www.futboltotal.com.mx\/wp-content\/uploads\/2016\/06\/EN-VIVO-ISLANDIA-VS-AUSTRIA-EUROCOPA.jpg\" alt=\"EN-VIVO-ISLANDIA-VS-AUSTRIA-EUROCOPA\" srcset=\"http:\/\/desarrollo.grupomedios.com\/futbol\/wp-content\/uploads\/2016\/06\/EN-VIVO-ISLANDIA-VS-AUSTRIA-EUROCOPA.jpg 858w, http:\/\/desarrollo.grupomedios.com\/futbol\/wp-content\/uploads\/2016\/06\/EN-VIVO-ISLANDIA-VS-AUSTRIA-EUROCOPA-300x151.jpg 300w, http:\/\/desarrollo.grupomedios.com\/futbol\/wp-content\/uploads\/2016\/06\/EN-VIVO-ISLANDIA-VS-AUSTRIA-EUROCOPA-768x386.jpg 768w, http:\/\/desarrollo.grupomedios.com\/futbol\/wp-content\/uploads\/2016\/06\/EN-VIVO-ISLANDIA-VS-AUSTRIA-EUROCOPA-340x171.jpg 340w\" sizes=\"(max-width: 858px) 100vw, 858px\" \/><\/p>\n<p>La selecci\u00f3n islandesa ha pasado de ser un conjunto ex\u00f3tico -del pa\u00eds m\u00e1s peque\u00f1o en la historia que disputa una <strong>Eurocopa<\/strong>&#8211; a ganarse las simpat\u00edas de todos los aficionados, portugueses al margen.<\/p>\n<p>Su meritorio y sorprendente empate ante el equipo de Cristiano Ronaldo, que concluy\u00f3 el partido desesperado, no s\u00f3lo le ha granjeado las simpat\u00edas de todo el mundo, sino que le ha abierto unas expectativas que a duras penas contemplaba al comienzo de la competici\u00f3n.<\/p>\n<p>Porque el equipo que dirigen el sueco Lars Lagerback y el island\u00e9s Heimir Hallgrimsson ya no se siente inferior a nadie y afronta el encuentro ante <strong>Hungr\u00eda<\/strong>, sabedor de que un triunfo pr\u00e1cticamente le mete en los Octavos de Final.<\/p>\n<p>En Marsella, adem\u00e1s, contar\u00e1 con el apoyo de los 27.000 fan\u00e1ticos que han dejado un 8 por ciento m\u00e1s despoblada su isla para acudir a Francia.<\/p>\n<p>No lo tendr\u00e1n f\u00e1cil, porque en <strong>Hungr\u00eda<\/strong> tambi\u00e9n reina la euforia tras imponerse a Austria, su archirrival, por 0-2 en la primera jornada.<\/p>\n<p>Con el meta Gabor Kiraly como l\u00edder y ya convertido en el jugador m\u00e1s veterano que ha disputado un partido de <strong>Eurocopa<\/strong> (40 a\u00f1os y 75 d\u00edas), <strong>Hungr\u00eda<\/strong> se ve en la segunda ronda, algo que no han disfrutado varias generaciones de aficionados que segu\u00edan viviendo del recuerdo de los &#8220;m\u00e1gicos magiares&#8221; de los 50.<\/p>\n<p><img decoding=\"async\" loading=\"lazy\" class=\"alignnone size-full wp-image-404612\" src=\"http:\/\/www.futboltotal.com.mx\/wp-content\/uploads\/2016\/06\/EN-VIVO-ISLANDIA-VS-HUNGRIA.jpg\" alt=\"EN-VIVO-ISLANDIA-VS-HUNGRIA\" srcset=\"http:\/\/desarrollo.grupomedios.com\/futbol\/wp-content\/uploads\/2016\/06\/EN-VIVO-ISLANDIA-VS-HUNGRIA.jpg 858w, http:\/\/desarrollo.grupomedios.com\/futbol\/wp-content\/uploads\/2016\/06\/EN-VIVO-ISLANDIA-VS-HUNGRIA-300x151.jpg 300w, http:\/\/desarrollo.grupomedios.com\/futbol\/wp-content\/uploads\/2016\/06\/EN-VIVO-ISLANDIA-VS-HUNGRIA-768x386.jpg 768w, http:\/\/desarrollo.grupomedios.com\/futbol\/wp-content\/uploads\/2016\/06\/EN-VIVO-ISLANDIA-VS-HUNGRIA-340x171.jpg 340w\" sizes=\"(max-width: 858px) 100vw, 858px\" \/><br \/>\nPese a ser un equipo con jugadores veteranos, como Kiraly o Zoltan Gera (37 a\u00f1os), <strong>Hungr\u00eda<\/strong> asienta su fortaleza en una buena defensa y un r\u00e1pido contragolpe, que destroz\u00f3 a Austria en el primer partido. Cuatro de los diez jugadores m\u00e1s r\u00e1pidos del torneo en esos primeros encuentros de grupo, han sido h\u00fangaros y al frente de todos se ha situado Richard Guzmics, que lleg\u00f3 a alcanzar 31 kil\u00f3metros\/hora (unos 11 segundos los 100 metros).<\/p>\n<p>Los precedentes entre ambas selecciones favorecen claramente a <strong>Hungr\u00eda<\/strong> (7 victoria por 3 derrotas), pero el \u00faltimo enfrentamiento (4-0) se produjo hace cinco a\u00f1os, antes de que la isla explotase todo su potencial.<\/p>\n","protected":false},"excerpt":{"rendered":"<p>Las dos sorpresas de la primera jornada se enfrentan<\/p>\n","protected":false},"author":20,"featured_media":404652,"comment_status":"closed","ping_status":"closed","sticky":false,"template":"","format":"standard","meta":[],"categories":[6995,3839],"tags":[2130,2752,4632],"_links":{"self":[{"href":"http:\/\/desarrollo.grupomedios.com\/futbol\/wp-json\/wp\/v2\/posts\/404610"}],"collection":[{"href":"http:\/\/desarrollo.grupomedios.com\/futbol\/wp-json\/wp\/v2\/posts"}],"about":[{"href":"http:\/\/desarrollo.grupomedios.com\/futbol\/wp-json\/wp\/v2\/types\/post"}],"author":[{"embeddable":true,"href":"http:\/\/desarrollo.grupomedios.com\/futbol\/wp-json\/wp\/v2\/users\/20"}],"replies":[{"embeddable":true,"href":"http:\/\/desarrollo.grupomedios.com\/futbol\/wp-json\/wp\/v2\/comments?post=404610"}],"version-history":[{"count":0,"href":"http:\/\/desarrollo.grupomedios.com\/futbol\/wp-json\/wp\/v2\/posts\/404610\/revisions"}],"wp:featuredmedia":[{"embeddable":true,"href":"http:\/\/desarrollo.grupomedios.com\/futbol\/wp-json\/wp\/v2\/media\/404652"}],"wp:attachment":[{"href":"http:\/\/desarrollo.grupomedios.com\/futbol\/wp-json\/wp\/v2\/media?parent=404610"}],"wp:term":[{"taxonomy":"category","embeddable":true,"href":"http:\/\/desarrollo.grupomedios.com\/futbol\/wp-json\/wp\/v2\/categories?post=404610"},{"taxonomy":"post_tag","embeddable":true,"href":"http:\/\/desarrollo.grupomedios.com\/futbol\/wp-json\/wp\/v2\/tags?post=404610"}],"curies":[{"name":"wp","href":"https:\/\/api.w.org\/{rel}","templated":true}]}}