{"id":404684,"date":"2016-06-18T19:20:58","date_gmt":"2016-06-19T01:20:58","guid":{"rendered":"http:\/\/www.futboltotal.com.mx\/?p=404684"},"modified":"2016-06-18T19:20:58","modified_gmt":"2016-06-19T01:20:58","slug":"oribe-peralta-presume-americanismo-en-tri","status":"publish","type":"post","link":"http:\/\/desarrollo.grupomedios.com\/futbol\/futbol-mexicano\/oribe-peralta-presume-americanismo-en-tri\/2016\/06","title":{"rendered":"Oribe Peralta presume su americanismo en el TRI"},"content":{"rendered":"<p>La Selecci\u00f3n Mexicana enfrenta esta noche a Chile para definir el pase a las Semifinales de la Copa Am\u00e9rica y <strong>Oribe Peralta<\/strong>, jugador del Am\u00e9rica, presumi\u00f3 una foto con sus compa\u00f1eros de las <em>\u00c1<\/em><em>guilas,\u00a0<\/em>con los que comparte vestidor tambi\u00e9n en el TRI<\/p>\n<blockquote class=\"twitter-tweet\" data-lang=\"es\">\n<p dir=\"ltr\" lang=\"es\">Legi\u00f3n \u00e1guila lista para ma\u00f1ana! <a href=\"https:\/\/twitter.com\/hashtag\/AmericaParaLosMexicanos?src=hash\">#AmericaParaLosMexicanos<\/a> <a href=\"https:\/\/t.co\/J8c9tiJomi\">pic.twitter.com\/J8c9tiJomi<\/a><\/p>\n<p>\u2014 Oribe Peralta (@OribePeralta) <a href=\"https:\/\/twitter.com\/OribePeralta\/status\/744017442494623745\">18 de junio de 2016<\/a><\/p><\/blockquote>\n<p><script src=\"\/\/platform.twitter.com\/widgets.js\" async=\"\" charset=\"utf-8\"><\/script><\/p>\n<p>Adem\u00e1s de Paul Aguilar, en la foto de <strong>Oribe<\/strong> tambi\u00e9n aparecieron en la foto jugadores canteranos del Am\u00e9rica como Ra\u00fal Jim\u00e9nez, Diego Reyes y Guillermo Ochoa, adem\u00e1s de Miguel Lay\u00fan quien sali\u00f3 del club como un \u00eddolo americanista.<\/p>\n","protected":false},"excerpt":{"rendered":"<p>Jugadores como Diego Reyes y Miguel Lay\u00fan aparecieron con el delantero<\/p>\n","protected":false},"author":20,"featured_media":404685,"comment_status":"closed","ping_status":"closed","sticky":false,"template":"","format":"standard","meta":[],"categories":[2198,3845,5950],"tags":[5959,62,5979],"_links":{"self":[{"href":"http:\/\/desarrollo.grupomedios.com\/futbol\/wp-json\/wp\/v2\/posts\/404684"}],"collection":[{"href":"http:\/\/desarrollo.grupomedios.com\/futbol\/wp-json\/wp\/v2\/posts"}],"about":[{"href":"http:\/\/desarrollo.grupomedios.com\/futbol\/wp-json\/wp\/v2\/types\/post"}],"author":[{"embeddable":true,"href":"http:\/\/desarrollo.grupomedios.com\/futbol\/wp-json\/wp\/v2\/users\/20"}],"replies":[{"embeddable":true,"href":"http:\/\/desarrollo.grupomedios.com\/futbol\/wp-json\/wp\/v2\/comments?post=404684"}],"version-history":[{"count":0,"href":"http:\/\/desarrollo.grupomedios.com\/futbol\/wp-json\/wp\/v2\/posts\/404684\/revisions"}],"wp:featuredmedia":[{"embeddable":true,"href":"http:\/\/desarrollo.grupomedios.com\/futbol\/wp-json\/wp\/v2\/media\/404685"}],"wp:attachment":[{"href":"http:\/\/desarrollo.grupomedios.com\/futbol\/wp-json\/wp\/v2\/media?parent=404684"}],"wp:term":[{"taxonomy":"category","embeddable":true,"href":"http:\/\/desarrollo.grupomedios.com\/futbol\/wp-json\/wp\/v2\/categories?post=404684"},{"taxonomy":"post_tag","embeddable":true,"href":"http:\/\/desarrollo.grupomedios.com\/futbol\/wp-json\/wp\/v2\/tags?post=404684"}],"curies":[{"name":"wp","href":"https:\/\/api.w.org\/{rel}","templated":true}]}}