{"id":404850,"date":"2016-06-19T04:45:25","date_gmt":"2016-06-19T10:45:25","guid":{"rendered":"http:\/\/www.futboltotal.com.mx\/?p=404850"},"modified":"2016-06-19T09:21:00","modified_gmt":"2016-06-19T15:21:00","slug":"me-equivoque-en-asumo-la-responsabilidad-juan-carlos-osorio","status":"publish","type":"post","link":"http:\/\/desarrollo.grupomedios.com\/futbol\/destacado-home\/me-equivoque-en-asumo-la-responsabilidad-juan-carlos-osorio\/2016\/06","title":{"rendered":"&#8220;Me equivoqu\u00e9 en todo&#8221;: Osorio"},"content":{"rendered":"<p>El director t\u00e9cnico de la <strong><a href=\"http:\/\/futboltotal.com.mx\/futbol-mexicano\/seleccion-mexicana\/\" target=\"_blank\">Selecci\u00f3n Mexicana<\/a><\/strong>, <strong>Juan Carlos Osorio<\/strong>, habl\u00f3 en conferencia de prensa tras la derrota del <em>TRI<\/em> ante Chile, donde el conjunto <em>andino<\/em> avanz\u00f3 tras realizar una hist\u00f3rica goleada de 0-7 en los Cuartos de Final de la Copa Am\u00e9rica Centenario.<\/p>\n<p>&#8220;Me equivoqu\u00e9 en todo. Err\u00e9 en la selecci\u00f3n del grupo y en la parte estrat\u00e9gica y t\u00e1ctica deL partido. No me la imaginaba tan amplia la derrota, pero igual, es responsabilidad m\u00eda\u201d, se\u00f1al\u00f3 el director t\u00e9cnico de la <strong>Selecci\u00f3n Mexicana<\/strong>.<\/p>\n<p style=\"text-align: center;\"><span style=\"color: #3366ff;\"><strong><a style=\"color: #3366ff;\" href=\"http:\/\/www.futboltotal.com.mx\/2016\/06\/rob-schneider-se-burla-del-tri\/\" target=\"_blank\">LEER M\u00c1S: Rob Schneider se burla del TRI<\/a><\/strong><\/span><\/p>\n<p>Tras dar su sentencia sobre el culpable de la eliminaci\u00f3n, <strong>Juan Carlos Osorio<\/strong> ofreci\u00f3 disculpas a directivos y afici\u00f3n, por la derrota que pas\u00f3 a la historia del <em>TRI<\/em>, como la segunda peor. La m\u00e1s grande goleada fue un 8-0 de Inglaterra, en 1961.<\/p>\n<p>&#8220;Mil disculpas a toda la gente y a toda la afici\u00f3n mexicana. Estoy muy avergonzado y asumo toda la responsabilidad de esta derrota. El tercer gol fue el que mat\u00f3 todas nuestras posibilidades&#8221;, concluy\u00f3<strong> Osorio<\/strong>.<\/p>\n","protected":false},"excerpt":{"rendered":"<p>El estratega habl\u00f3 tras el descalabro ante Chile<\/p>\n","protected":false},"author":20,"featured_media":404851,"comment_status":"closed","ping_status":"closed","sticky":false,"template":"","format":"standard","meta":[],"categories":[6950,5,2198,3847,6951],"tags":[2130,142],"_links":{"self":[{"href":"http:\/\/desarrollo.grupomedios.com\/futbol\/wp-json\/wp\/v2\/posts\/404850"}],"collection":[{"href":"http:\/\/desarrollo.grupomedios.com\/futbol\/wp-json\/wp\/v2\/posts"}],"about":[{"href":"http:\/\/desarrollo.grupomedios.com\/futbol\/wp-json\/wp\/v2\/types\/post"}],"author":[{"embeddable":true,"href":"http:\/\/desarrollo.grupomedios.com\/futbol\/wp-json\/wp\/v2\/users\/20"}],"replies":[{"embeddable":true,"href":"http:\/\/desarrollo.grupomedios.com\/futbol\/wp-json\/wp\/v2\/comments?post=404850"}],"version-history":[{"count":0,"href":"http:\/\/desarrollo.grupomedios.com\/futbol\/wp-json\/wp\/v2\/posts\/404850\/revisions"}],"wp:featuredmedia":[{"embeddable":true,"href":"http:\/\/desarrollo.grupomedios.com\/futbol\/wp-json\/wp\/v2\/media\/404851"}],"wp:attachment":[{"href":"http:\/\/desarrollo.grupomedios.com\/futbol\/wp-json\/wp\/v2\/media?parent=404850"}],"wp:term":[{"taxonomy":"category","embeddable":true,"href":"http:\/\/desarrollo.grupomedios.com\/futbol\/wp-json\/wp\/v2\/categories?post=404850"},{"taxonomy":"post_tag","embeddable":true,"href":"http:\/\/desarrollo.grupomedios.com\/futbol\/wp-json\/wp\/v2\/tags?post=404850"}],"curies":[{"name":"wp","href":"https:\/\/api.w.org\/{rel}","templated":true}]}}