{"id":404859,"date":"2016-06-19T12:58:33","date_gmt":"2016-06-19T18:58:33","guid":{"rendered":"http:\/\/www.futboltotal.com.mx\/?p=404859"},"modified":"2016-06-21T21:34:12","modified_gmt":"2016-06-22T03:34:12","slug":"checo-perez-tercer-lugar-en-gp-europa","status":"publish","type":"post","link":"http:\/\/desarrollo.grupomedios.com\/futbol\/destacado-home\/checo-perez-tercer-lugar-en-gp-europa\/2016\/06","title":{"rendered":"Checo P\u00e9rez, podio en el GP de Europa"},"content":{"rendered":"<p>\u00a1<strong>Checo P\u00e9rez <\/strong>lo hizo de nuevo! En la primera edici\u00f3n del Gran Premio de Europa tuvo un cierre espectacular y consigui\u00f3 el s\u00e9ptimo podio de su carrera y segundo de esta temporada, despu\u00e9s de alcanzar el tercer pelda\u00f1o en la \u00faltima vuelta, en una carrera que parec\u00eda complicada al haber sido penalizado en la largada.<\/p>\n<p>El triunfo fue para el alem\u00e1n Nico Rosberg, quien alarg\u00f3 su ventaja sobre el brit\u00e1nico Lewis Hamilton, que acab\u00f3 en el quinto sitio del liderato del mundial, mientras que el teut\u00f3n Sebastian Vettel lleg\u00f3 segundo en el circuito de Bak\u00fa de Azerbaiy\u00e1n.<\/p>\n<p style=\"text-align: center;\"><strong><a href=\"http:\/\/www.futboltotal.com.mx\/2016\/05\/checo-perez-tercero-en-gp-monaco\/\">LEER M\u00c1S: Checo P\u00e9rez podio en el GP de M\u00f3naco<\/a><\/strong><\/p>\n<p><iframe loading=\"lazy\" src=\"https:\/\/www.youtube.com\/embed\/XZr79rmE9J8\" frameborder=\"0\" allowfullscreen=\"allowfullscreen\"><\/iframe><br \/>\n<strong>Checo<\/strong>\u00a0le puso empe\u00f1o para componer un castigo, que en la clasificaci\u00f3n baj\u00f3 de la segunda a la s\u00e9ptima plaza en la grilla de partida, debido al cambio de caja que requiri\u00f3 su monoplaza tras un incidente en los \u00faltimos entrenamientos libres.\u00a0Sin embargo, logr\u00f3 sortear la cerrada primera curva en la largada para colocarse quinto y gracias a una estrategia, a una sola parada, potencializ\u00f3 sus oportunidades para recuperar lo perdido.<\/p>\n<p>Adem\u00e1s el finland\u00e9s Kimi Raikkonen, que estaba delante de \u00e9l, cometi\u00f3 un error al tomar la recta por la l\u00ednea de boxes y eso le sancion\u00f3 con cinco segundos.<\/p>\n<p><a href=\"http:\/\/www.futboltotal.com.mx\/wp-content\/uploads\/2016\/06\/Checo.jpg\" rel=\"attachment wp-att-404861\"><img decoding=\"async\" loading=\"lazy\" class=\"alignnone size-full wp-image-404861\" src=\"http:\/\/www.futboltotal.com.mx\/wp-content\/uploads\/2016\/06\/Checo.jpg\" alt=\"Checo\" srcset=\"http:\/\/desarrollo.grupomedios.com\/futbol\/wp-content\/uploads\/2016\/06\/Checo.jpg 858w, http:\/\/desarrollo.grupomedios.com\/futbol\/wp-content\/uploads\/2016\/06\/Checo-300x151.jpg 300w, http:\/\/desarrollo.grupomedios.com\/futbol\/wp-content\/uploads\/2016\/06\/Checo-768x386.jpg 768w, http:\/\/desarrollo.grupomedios.com\/futbol\/wp-content\/uploads\/2016\/06\/Checo-340x171.jpg 340w\" sizes=\"(max-width: 858px) 100vw, 858px\" \/><\/a><\/p>\n<p><strong>Checo<\/strong>\u00a0asegur\u00f3 el podio porque estaba a tres segundos del finland\u00e9s al que\u00a0sigui\u00f3 presionando hasta lograr un adelantamiento justo en la vuelta final de la carrera, donde Nico Rosber acab\u00f3 primero y Sebastian Vettel lleg\u00f3 segundo.<\/p>\n<p>El otro mexicano, Esteban Guti\u00e9rrez, sufri\u00f3 todo el fin de semana en Bak\u00fa y este domingo no fue diferente, nunca encontr\u00f3 un ritmo realmente competitivo, lo que lo llev\u00f3 a rodar toda la carrera fuera de los puntos para acabar 16, una posici\u00f3n detr\u00e1s de la que larg\u00f3.<\/p>\n<p>&nbsp;<\/p>\n","protected":false},"excerpt":{"rendered":"<p>El mexicano amarr\u00f3 el tercer lugar tras superar a Raikkonen<\/p>\n","protected":false},"author":20,"featured_media":404860,"comment_status":"closed","ping_status":"closed","sticky":false,"template":"","format":"standard","meta":[],"categories":[5810,5,5418,6411],"tags":[5480],"_links":{"self":[{"href":"http:\/\/desarrollo.grupomedios.com\/futbol\/wp-json\/wp\/v2\/posts\/404859"}],"collection":[{"href":"http:\/\/desarrollo.grupomedios.com\/futbol\/wp-json\/wp\/v2\/posts"}],"about":[{"href":"http:\/\/desarrollo.grupomedios.com\/futbol\/wp-json\/wp\/v2\/types\/post"}],"author":[{"embeddable":true,"href":"http:\/\/desarrollo.grupomedios.com\/futbol\/wp-json\/wp\/v2\/users\/20"}],"replies":[{"embeddable":true,"href":"http:\/\/desarrollo.grupomedios.com\/futbol\/wp-json\/wp\/v2\/comments?post=404859"}],"version-history":[{"count":0,"href":"http:\/\/desarrollo.grupomedios.com\/futbol\/wp-json\/wp\/v2\/posts\/404859\/revisions"}],"wp:featuredmedia":[{"embeddable":true,"href":"http:\/\/desarrollo.grupomedios.com\/futbol\/wp-json\/wp\/v2\/media\/404860"}],"wp:attachment":[{"href":"http:\/\/desarrollo.grupomedios.com\/futbol\/wp-json\/wp\/v2\/media?parent=404859"}],"wp:term":[{"taxonomy":"category","embeddable":true,"href":"http:\/\/desarrollo.grupomedios.com\/futbol\/wp-json\/wp\/v2\/categories?post=404859"},{"taxonomy":"post_tag","embeddable":true,"href":"http:\/\/desarrollo.grupomedios.com\/futbol\/wp-json\/wp\/v2\/tags?post=404859"}],"curies":[{"name":"wp","href":"https:\/\/api.w.org\/{rel}","templated":true}]}}