{"id":404863,"date":"2016-06-19T12:59:43","date_gmt":"2016-06-19T18:59:43","guid":{"rendered":"http:\/\/www.futboltotal.com.mx\/?p=404863"},"modified":"2016-06-19T19:02:39","modified_gmt":"2016-06-20T01:02:39","slug":"prensa-chilena-humillante-goleada-a-mexico","status":"publish","type":"post","link":"http:\/\/desarrollo.grupomedios.com\/futbol\/destacado-home\/prensa-chilena-humillante-goleada-a-mexico\/2016\/06","title":{"rendered":"Prensa chilena: Humillante goleada a M\u00e9xico"},"content":{"rendered":"<p>El papel\u00f3n que hizo <strong>M\u00e9xico<\/strong> en la Copa Am\u00e9rica Centenario al quedar eliminado 0-7 en Cuartos de Final es el tema que copa las tapas de los principales diarios chilenos.<em> La Roja\u00a0<\/em>fue una m\u00e1quina de goles y le propin\u00f3 al Tri una de la peor derrota en un duelo oficiales.<\/p>\n<p>En el diario <em>El Mercurio <\/em>titul\u00f3: \u201cChile gana, golea y humilla a M\u00e9xico&#8221;. Y resalt\u00f3: \u201cFue un triunfo extraordinario y sin precedentes de <em>La Roja<\/em> en la Copa Am\u00e9rica, jugando a lo campe\u00f3n le dio un baile a M\u00e9xico\u201d.<\/p>\n<p><a href=\"http:\/\/www.futboltotal.com.mx\/wp-content\/uploads\/2016\/06\/Captura-de-pantalla-2016-06-19-a-las-11.12.31-a.m..png\" rel=\"attachment wp-att-404866\"><img decoding=\"async\" loading=\"lazy\" class=\"alignnone size-full wp-image-404866\" src=\"http:\/\/www.futboltotal.com.mx\/wp-content\/uploads\/2016\/06\/Captura-de-pantalla-2016-06-19-a-las-11.12.31-a.m..png\" alt=\"Captura de pantalla 2016-06-19 a las 11.12.31 a.m.\" srcset=\"http:\/\/desarrollo.grupomedios.com\/futbol\/wp-content\/uploads\/2016\/06\/Captura-de-pantalla-2016-06-19-a-las-11.12.31-a.m..png 1137w, http:\/\/desarrollo.grupomedios.com\/futbol\/wp-content\/uploads\/2016\/06\/Captura-de-pantalla-2016-06-19-a-las-11.12.31-a.m.-300x172.png 300w, http:\/\/desarrollo.grupomedios.com\/futbol\/wp-content\/uploads\/2016\/06\/Captura-de-pantalla-2016-06-19-a-las-11.12.31-a.m.-768x440.png 768w, http:\/\/desarrollo.grupomedios.com\/futbol\/wp-content\/uploads\/2016\/06\/Captura-de-pantalla-2016-06-19-a-las-11.12.31-a.m.-1024x586.png 1024w\" sizes=\"(max-width: 1137px) 100vw, 1137px\" \/><\/a><\/p>\n<p><em>La Tercera<\/em> public\u00f3 en su portada \u201c7-0: Un gigantesco Chile baila a M\u00e9xico, y destacaron la actuaci\u00f3n de Eduardo Vargas, quien marc\u00f3 cuatro de los siete goles chilenos, y en su portadilla anotaron: \u201c\u00a1Inolvidable!\u201d.<\/p>\n<p><a href=\"http:\/\/www.futboltotal.com.mx\/wp-content\/uploads\/2016\/06\/Captura-de-pantalla-2016-06-19-a-las-11.21.07-a.m..png\" rel=\"attachment wp-att-404868\"><img decoding=\"async\" loading=\"lazy\" class=\"alignnone size-full wp-image-404868\" src=\"http:\/\/www.futboltotal.com.mx\/wp-content\/uploads\/2016\/06\/Captura-de-pantalla-2016-06-19-a-las-11.21.07-a.m..png\" alt=\"Captura de pantalla 2016-06-19 a las 11.21.07 a.m.\" srcset=\"http:\/\/desarrollo.grupomedios.com\/futbol\/wp-content\/uploads\/2016\/06\/Captura-de-pantalla-2016-06-19-a-las-11.21.07-a.m..png 747w, http:\/\/desarrollo.grupomedios.com\/futbol\/wp-content\/uploads\/2016\/06\/Captura-de-pantalla-2016-06-19-a-las-11.21.07-a.m.-300x182.png 300w\" sizes=\"(max-width: 747px) 100vw, 747px\" \/><\/a><\/p>\n<p>En el interior se\u00f1al\u00f3 que \u201cM\u00e9xico lo sufri\u00f3, el invicto, el monstruo de la Concacaf, el que no perd\u00eda hace 22 partidos, reducido a su m\u00ednima expresi\u00f3n\u201d.<\/p>\n<p>Las <em>\u00daltimas Noticias<\/em> publicaron una foto de Arturo Vidal a p\u00e1gina completa con el t\u00edtulo \u201cSigo siendo el rey\u201d y en uno de los tres sumarios aparece: \u201cChile aplast\u00f3 a M\u00e9xico por 7-0 y pas\u00f3 a semifinales de la Copa Am\u00e9rica Centenario\u201d.<\/p>\n<p><a href=\"http:\/\/www.futboltotal.com.mx\/wp-content\/uploads\/2016\/06\/Captura-de-pantalla-2016-06-19-a-las-11.27.51-a.m..png\" rel=\"attachment wp-att-404869\"><img decoding=\"async\" loading=\"lazy\" class=\"alignnone size-full wp-image-404869\" src=\"http:\/\/www.futboltotal.com.mx\/wp-content\/uploads\/2016\/06\/Captura-de-pantalla-2016-06-19-a-las-11.27.51-a.m..png\" alt=\"Captura de pantalla 2016-06-19 a las 11.27.51 a.m.\" srcset=\"http:\/\/desarrollo.grupomedios.com\/futbol\/wp-content\/uploads\/2016\/06\/Captura-de-pantalla-2016-06-19-a-las-11.27.51-a.m..png 609w, http:\/\/desarrollo.grupomedios.com\/futbol\/wp-content\/uploads\/2016\/06\/Captura-de-pantalla-2016-06-19-a-las-11.27.51-a.m.-276x300.png 276w\" sizes=\"(max-width: 609px) 100vw, 609px\" \/><\/a><\/p>\n<p>En el interior del matutino destacaron que \u201chasta los hinchas mexicanos aplaudieron a la Selecci\u00f3n\u201d, y agregaron que \u201clos asistentes al Levi&#8217;s Stadium, en su mayor\u00eda seguidores del <em>Tri<\/em>, al final se volvieron locos contra sus propios jugadores&#8221;.<a href=\"http:\/\/www.futboltotal.com.mx\/wp-content\/uploads\/2016\/06\/Mexico.jpg\" rel=\"attachment wp-att-404870\"><img decoding=\"async\" loading=\"lazy\" class=\"alignnone size-full wp-image-404870\" src=\"http:\/\/www.futboltotal.com.mx\/wp-content\/uploads\/2016\/06\/Mexico.jpg\" alt=\"Mexico\" srcset=\"http:\/\/desarrollo.grupomedios.com\/futbol\/wp-content\/uploads\/2016\/06\/Mexico.jpg 858w, http:\/\/desarrollo.grupomedios.com\/futbol\/wp-content\/uploads\/2016\/06\/Mexico-300x151.jpg 300w, http:\/\/desarrollo.grupomedios.com\/futbol\/wp-content\/uploads\/2016\/06\/Mexico-768x386.jpg 768w, http:\/\/desarrollo.grupomedios.com\/futbol\/wp-content\/uploads\/2016\/06\/Mexico-340x171.jpg 340w\" sizes=\"(max-width: 858px) 100vw, 858px\" \/><\/a>s y premiaron el desempe\u00f1o perfecto del elenco chileno\u201d.<\/p>\n<p>Por \u00faltimo, el diario popular,<em> La Cuarta<\/em>, mostr\u00f3 en portada una foto de Eduardo Vargas, sosteniendo una camiseta con una leyenda que dec\u00eda \u201cFuerza mam\u00e1 te amo\u201d, dedicado a su progenitora que sufri\u00f3 un infarto al coraz\u00f3n d\u00edas previos al duelo con M\u00e9xico.<\/p>\n<p><a href=\"http:\/\/www.futboltotal.com.mx\/wp-content\/uploads\/2016\/06\/P1.jpg\" rel=\"attachment wp-att-404864\"><img decoding=\"async\" loading=\"lazy\" class=\"alignnone size-full wp-image-404864\" src=\"http:\/\/www.futboltotal.com.mx\/wp-content\/uploads\/2016\/06\/P1.jpg\" alt=\"P1\" srcset=\"http:\/\/desarrollo.grupomedios.com\/futbol\/wp-content\/uploads\/2016\/06\/P1.jpg 600w, http:\/\/desarrollo.grupomedios.com\/futbol\/wp-content\/uploads\/2016\/06\/P1-249x300.jpg 249w\" sizes=\"(max-width: 600px) 100vw, 600px\" \/><\/a><\/p>\n<p>En su titular de la portada La Cuarta hizo alusi\u00f3n a una reconocida frase de Don Ram\u00f3n en el Chavo del Ocho: \u201c\u00a1Y no te doy otra no m\u00e1s!\u201d, mientras que en el interior siguieron con la misma t\u00f3nica colocando en la portadilla de deportes \u201cAc\u00fasalos con tu mam\u00e1, cuate\u201d.<\/p>\n<p>Chile deber\u00e1 enfrentar a Colombia el pr\u00f3ximo mi\u00e9rcoles en Chicago en duelo v\u00e1lido por las semifinales de la Copa Am\u00e9rica Centenario.<\/p>\n","protected":false},"excerpt":{"rendered":"<p>&#8220;M\u00e9xico qued\u00f3 reducido a su m\u00ednima expresi\u00f3n&#8221;, apunta la prensa andina<\/p>\n","protected":false},"author":20,"featured_media":404870,"comment_status":"closed","ping_status":"closed","sticky":false,"template":"","format":"standard","meta":[],"categories":[6950,5,6958,2198,6953,6951],"tags":[2130,5979],"_links":{"self":[{"href":"http:\/\/desarrollo.grupomedios.com\/futbol\/wp-json\/wp\/v2\/posts\/404863"}],"collection":[{"href":"http:\/\/desarrollo.grupomedios.com\/futbol\/wp-json\/wp\/v2\/posts"}],"about":[{"href":"http:\/\/desarrollo.grupomedios.com\/futbol\/wp-json\/wp\/v2\/types\/post"}],"author":[{"embeddable":true,"href":"http:\/\/desarrollo.grupomedios.com\/futbol\/wp-json\/wp\/v2\/users\/20"}],"replies":[{"embeddable":true,"href":"http:\/\/desarrollo.grupomedios.com\/futbol\/wp-json\/wp\/v2\/comments?post=404863"}],"version-history":[{"count":0,"href":"http:\/\/desarrollo.grupomedios.com\/futbol\/wp-json\/wp\/v2\/posts\/404863\/revisions"}],"wp:featuredmedia":[{"embeddable":true,"href":"http:\/\/desarrollo.grupomedios.com\/futbol\/wp-json\/wp\/v2\/media\/404870"}],"wp:attachment":[{"href":"http:\/\/desarrollo.grupomedios.com\/futbol\/wp-json\/wp\/v2\/media?parent=404863"}],"wp:term":[{"taxonomy":"category","embeddable":true,"href":"http:\/\/desarrollo.grupomedios.com\/futbol\/wp-json\/wp\/v2\/categories?post=404863"},{"taxonomy":"post_tag","embeddable":true,"href":"http:\/\/desarrollo.grupomedios.com\/futbol\/wp-json\/wp\/v2\/tags?post=404863"}],"curies":[{"name":"wp","href":"https:\/\/api.w.org\/{rel}","templated":true}]}}