{"id":404873,"date":"2016-06-19T12:00:10","date_gmt":"2016-06-19T18:00:10","guid":{"rendered":"http:\/\/www.futboltotal.com.mx\/?p=404873"},"modified":"2016-06-19T18:31:34","modified_gmt":"2016-06-20T00:31:34","slug":"tecatito-pide-respaldo-a-osorio","status":"publish","type":"post","link":"http:\/\/desarrollo.grupomedios.com\/futbol\/futbol-mexicano\/tecatito-pide-respaldo-a-osorio\/2016\/06","title":{"rendered":"Tecatito respalda continuidad de Osorio"},"content":{"rendered":"<p>Despu\u00e9s<strong>\u00a0<\/strong>de la estrepitosa eliminaci\u00f3n 0-7 ante Chile, Jes\u00fas <em><strong>Tecatito<\/strong><\/em><strong>\u00a0<\/strong>Corona pidi\u00f3 no dudar de la capacidad del entrenador de M\u00e9xico,\u00a0Juan Carlos Osorio,\u00a0pues\u00a0dej\u00f3 en claro que la confianza en el trabajo y capacidad del t\u00e9cnico est\u00e1 intacta en el seno de la <strong><a href=\"http:\/\/www.futboltotal.com.mx\/copa-america-2016\/historia\/el-tri-en-copa-america\/\">Selecci\u00f3n Mexicana.<\/a><\/strong><\/p>\n<p>\u201cConfiamos plenamente en \u00e9l, los que jugamos somos nosotros, al final no se dio y no hay nada que decir. Hab\u00edamos ganado todos los partidos, ha dado mucho a la selecci\u00f3n y estamos contentos con \u00e9l\u201d, manifest\u00f3 <em><strong>Tecatito.<\/strong><\/em><\/p>\n<p style=\"text-align: center;\"><span style=\"color: #3366ff;\"><a style=\"color: #3366ff;\" href=\"http:\/\/www.futboltotal.com.mx\/2016\/06\/prensa-chilena-humillante-goleada-a-mexico\/\"><strong>LEER M\u00c1S: \u00a0\u00bfD\u00f3nde qued\u00f3 el Gigante de la Concacaf?<\/strong><\/a><\/span><\/p>\n<p>Por otra parte, explic\u00f3 que despedirse de la <strong>Copa Am\u00e9rica Centenario 2016<\/strong> siempre es triste, m\u00e1s de la forma en que se dio, con una goleada.<\/p>\n<p>\u201cNos queda en el alma ese dolor de perder as\u00ed, la verdad no fuimos los mejores en la cancha y, pese a ello, hay que darle la vuelta y seguir trabajando para lo que viene\u201d, estableci\u00f3.<\/p>\n<p>El jugador del Porto de Portugal destac\u00f3 la importancia y la necesidad de olvidar este complicado cap\u00edtulo y mirar hacia el futuro.<\/p>\n<p>\u201cFue un partido en el que ellos se plantaron mejor, obvio todos los vimos, en general estamos tristes por la derrota, pero no podemos quedarnos aqu\u00ed, hay un ma\u00f1ana y debemos seguir trabajando\u201d, sentenci\u00f3.<\/p>\n","protected":false},"excerpt":{"rendered":"<p>&#8220;Le ha dado mucho a la selecci\u00f3n&#8221;, dijo el delantero del Tri<\/p>\n","protected":false},"author":20,"featured_media":404874,"comment_status":"closed","ping_status":"closed","sticky":false,"template":"","format":"standard","meta":[],"categories":[6950,6958,2198,6953,3847,6951,5950],"tags":[5979,6045],"_links":{"self":[{"href":"http:\/\/desarrollo.grupomedios.com\/futbol\/wp-json\/wp\/v2\/posts\/404873"}],"collection":[{"href":"http:\/\/desarrollo.grupomedios.com\/futbol\/wp-json\/wp\/v2\/posts"}],"about":[{"href":"http:\/\/desarrollo.grupomedios.com\/futbol\/wp-json\/wp\/v2\/types\/post"}],"author":[{"embeddable":true,"href":"http:\/\/desarrollo.grupomedios.com\/futbol\/wp-json\/wp\/v2\/users\/20"}],"replies":[{"embeddable":true,"href":"http:\/\/desarrollo.grupomedios.com\/futbol\/wp-json\/wp\/v2\/comments?post=404873"}],"version-history":[{"count":0,"href":"http:\/\/desarrollo.grupomedios.com\/futbol\/wp-json\/wp\/v2\/posts\/404873\/revisions"}],"wp:featuredmedia":[{"embeddable":true,"href":"http:\/\/desarrollo.grupomedios.com\/futbol\/wp-json\/wp\/v2\/media\/404874"}],"wp:attachment":[{"href":"http:\/\/desarrollo.grupomedios.com\/futbol\/wp-json\/wp\/v2\/media?parent=404873"}],"wp:term":[{"taxonomy":"category","embeddable":true,"href":"http:\/\/desarrollo.grupomedios.com\/futbol\/wp-json\/wp\/v2\/categories?post=404873"},{"taxonomy":"post_tag","embeddable":true,"href":"http:\/\/desarrollo.grupomedios.com\/futbol\/wp-json\/wp\/v2\/tags?post=404873"}],"curies":[{"name":"wp","href":"https:\/\/api.w.org\/{rel}","templated":true}]}}