{"id":404878,"date":"2016-06-19T13:00:24","date_gmt":"2016-06-19T19:00:24","guid":{"rendered":"http:\/\/www.futboltotal.com.mx\/?p=404878"},"modified":"2016-06-19T19:02:09","modified_gmt":"2016-06-20T01:02:09","slug":"seleccionados-piden-disculpas-por-fracaso","status":"publish","type":"post","link":"http:\/\/desarrollo.grupomedios.com\/futbol\/destacado-home\/seleccionados-piden-disculpas-por-fracaso\/2016\/06","title":{"rendered":"Seleccionados piden disculpas por fracaso"},"content":{"rendered":"<p>Tras la estrepitosa derrota 0-7 ante <strong>Chile<\/strong>, Chicharito Hern\u00e1ndez, Guillermo Ochoa y Diego Reyes lamentaron\u00a0la eliminaci\u00f3n de M\u00e9xico en Cuartos de Final de <strong>Copa Am\u00e9rica<\/strong>\u00a0y publicaron distintos mensajes en redes sociales para pedir disculpas a la afici\u00f3n del <em>Tri.<\/em><\/p>\n<p style=\"text-align: center;\"><span style=\"color: #3366ff;\"><strong><a style=\"color: #3366ff;\" href=\"http:\/\/www.futboltotal.com.mx\/2016\/06\/tecatito-pide-respaldo-a-osorio\/\">LEER M\u00c1S: Tecatito pide respaldo para Osorio<\/a><\/strong><\/span><\/p>\n<blockquote class=\"twitter-tweet\" data-lang=\"es\">\n<p dir=\"ltr\" lang=\"es\">Muy avergonzados por lo sucedido esta noche,Una Disculpa a la afici\u00f3n Mexicana, muchos sentimientos de impotencia y frustraci\u00f3n.<\/p>\n<p>\u2014 Guillermo Ochoa (@yosoy8a) <a href=\"https:\/\/twitter.com\/yosoy8a\/status\/744406474907058176\">19 de junio de 2016<\/a><\/p><\/blockquote>\n<p><script src=\"\/\/platform.twitter.com\/widgets.js\" async=\"\" charset=\"utf-8\"><\/script><\/p>\n<blockquote class=\"twitter-tweet\" data-lang=\"es\"><p>\nDisculpas a todos los mexicanos, que no los supimos representar como se merecen esta noche. Estamos muy avergonzados, tristes y dolidos\u2026<\/p>\n<p>\u2014 Chicharito Hernandez (@CH14_) <a href=\"https:\/\/twitter.com\/CH14_\/status\/744398134202163201\">19 de junio de 2016<\/a>\n<\/p><\/blockquote>\n<p><script src=\"\/\/platform.twitter.com\/widgets.js\" async=\"\" charset=\"utf-8\"><\/script><\/p>\n<blockquote class=\"twitter-tweet\" data-lang=\"es\">\n<p dir=\"ltr\" lang=\"es\">Solo puedo ofrecer una disculpa, esto es a t\u00edtulo personal. <a href=\"https:\/\/t.co\/aNNwcymOem\">pic.twitter.com\/aNNwcymOem<\/a><\/p>\n<p>\u2014 Miguel Layun (@Miguel_layun) <a href=\"https:\/\/twitter.com\/Miguel_layun\/status\/744396933892956163\">19 de junio de 2016<\/a><\/p><\/blockquote>\n<p><script src=\"\/\/platform.twitter.com\/widgets.js\" async=\"\" charset=\"utf-8\"><\/script><\/p>\n<blockquote class=\"twitter-tweet\" data-lang=\"es\"><p>\nMuy triste y avergonzado con la afici\u00f3n por lo q pas\u00f3 !! Hoy no salieron las cosas pero no hay duda q amo a mi pa\u00eds y lo defiendo a muerte<\/p>\n<p>\u2014 Diego Reyes (@Diego_Reyes13) <a href=\"https:\/\/twitter.com\/Diego_Reyes13\/status\/744400603921649664\">19 de junio de 2016<\/a>\n<\/p><\/blockquote>\n<p><script src=\"\/\/platform.twitter.com\/widgets.js\" async=\"\" charset=\"utf-8\"><\/script><\/p>\n<p>Por su parte, el delantero Oribe Peralta public\u00f3 un mensaje en el que inst\u00f3 a mantener uni\u00f3n para sobreponerse lo antes posible al duro golpe, sobre todo tomando en cuenta que M\u00e9xico tiene por delante compromisos importantes como las eliminatorias mundialistas rumbo a Rusia 2018.<\/p>\n<blockquote class=\"twitter-tweet\" data-lang=\"es\">\n<p dir=\"ltr\" lang=\"es\">M\u00e9xico somos todos! <a href=\"https:\/\/t.co\/81TBmYzL2F\">pic.twitter.com\/81TBmYzL2F<\/a><\/p>\n<p>\u2014 Oribe Peralta (@OribePeralta) <a href=\"https:\/\/twitter.com\/OribePeralta\/status\/744422663142072321\">19 de junio de 2016<\/a><\/p><\/blockquote>\n<p><script src=\"\/\/platform.twitter.com\/widgets.js\" async=\"\" charset=\"utf-8\"><\/script><\/p>\n","protected":false},"excerpt":{"rendered":"<p>CH14, Ochoa, Lay\u00fan y Reyes han mandado mensajes a la afici\u00f3n del Tri<\/p>\n","protected":false},"author":20,"featured_media":404890,"comment_status":"closed","ping_status":"closed","sticky":false,"template":"","format":"standard","meta":[],"categories":[6950,5,6958,3839,6953,6960],"tags":[2130,5979],"_links":{"self":[{"href":"http:\/\/desarrollo.grupomedios.com\/futbol\/wp-json\/wp\/v2\/posts\/404878"}],"collection":[{"href":"http:\/\/desarrollo.grupomedios.com\/futbol\/wp-json\/wp\/v2\/posts"}],"about":[{"href":"http:\/\/desarrollo.grupomedios.com\/futbol\/wp-json\/wp\/v2\/types\/post"}],"author":[{"embeddable":true,"href":"http:\/\/desarrollo.grupomedios.com\/futbol\/wp-json\/wp\/v2\/users\/20"}],"replies":[{"embeddable":true,"href":"http:\/\/desarrollo.grupomedios.com\/futbol\/wp-json\/wp\/v2\/comments?post=404878"}],"version-history":[{"count":0,"href":"http:\/\/desarrollo.grupomedios.com\/futbol\/wp-json\/wp\/v2\/posts\/404878\/revisions"}],"wp:featuredmedia":[{"embeddable":true,"href":"http:\/\/desarrollo.grupomedios.com\/futbol\/wp-json\/wp\/v2\/media\/404890"}],"wp:attachment":[{"href":"http:\/\/desarrollo.grupomedios.com\/futbol\/wp-json\/wp\/v2\/media?parent=404878"}],"wp:term":[{"taxonomy":"category","embeddable":true,"href":"http:\/\/desarrollo.grupomedios.com\/futbol\/wp-json\/wp\/v2\/categories?post=404878"},{"taxonomy":"post_tag","embeddable":true,"href":"http:\/\/desarrollo.grupomedios.com\/futbol\/wp-json\/wp\/v2\/tags?post=404878"}],"curies":[{"name":"wp","href":"https:\/\/api.w.org\/{rel}","templated":true}]}}