{"id":404887,"date":"2016-06-19T17:19:54","date_gmt":"2016-06-19T23:19:54","guid":{"rendered":"http:\/\/www.futboltotal.com.mx\/?p=404887"},"modified":"2016-06-19T17:23:41","modified_gmt":"2016-06-19T23:23:41","slug":"la-derrota-dura-moreno","status":"publish","type":"post","link":"http:\/\/desarrollo.grupomedios.com\/futbol\/futbol-mexicano\/la-derrota-dura-moreno\/2016\/06","title":{"rendered":"La derrota m\u00e1s dura para Moreno"},"content":{"rendered":"<p>Olvidar y enfocarse en lo que viene es lo \u00fanico que le queda a un jugador, tras ser superado de la forma en que lo hizo la selecci\u00f3n de <strong>Chile<\/strong> con <strong>M\u00e9xico<\/strong>, manifest\u00f3 el defensa <strong>H\u00e9ctor Moreno<\/strong>.<\/p>\n<p>\u201cNos deja en el suelo, nadie hab\u00eda vivido una experiencia como esta, hoy queda tragarse lo que se debe como futbolista, cada uno sacar\u00e1 sus conclusiones sobre lo que ha hecho, sobre lo que dej\u00f3 de hacer, lo que se debi\u00f3 mejorar para competir al m\u00e1ximo nivel\u201d, dijo el central.<\/p>\n<p style=\"text-align: center;\"><span style=\"color: #3366ff;\"><strong><a style=\"color: #3366ff;\" href=\"http:\/\/www.futboltotal.com.mx\/2016\/06\/seleccionados-piden-disculpas-por-fracaso\/\">LEER M\u00c1S: Seleccionados piden disculpas por goleada<\/a><\/strong><\/span><\/p>\n<p>Acept\u00f3 que nunca antes en su carrera hab\u00eda recibido una goleada por siete goles de diferencia y lo que debe hacer es esforzarse m\u00e1s para evitar que se repita.<\/p>\n<p>\u201cSe toma con mucha tristeza y frustraci\u00f3n, con mucha verg\u00fcenza deportiva, es algo dif\u00edcil de explicar que te pase tan por encima, nunca en mi carrera me hab\u00eda tocado algo as\u00ed, simplemente trabajar\u00e9 para que no suceda otra vez\u201d, afirm\u00f3.<\/p>\n<p>&#8220;Cuando te pasan as\u00ed por encima, no puedes decir que fue el parado\u2026 Es una terrible pesadilla de la cual quieres despertar y olvidar lo que ha pasado. No competimos al nivel que lo debimos hacer y lo que se esperaba de nosotros\u201d, apostill\u00f3 Moreno.<\/p>\n","protected":false},"excerpt":{"rendered":"<p>El central habl\u00f3 despu\u00e9s de la humillante eliminaci\u00f3n ante Chile <\/p>\n","protected":false},"author":20,"featured_media":404888,"comment_status":"closed","ping_status":"closed","sticky":false,"template":"","format":"standard","meta":[],"categories":[6950,6958,2198,3847,6951,5950],"tags":[2130,5979],"_links":{"self":[{"href":"http:\/\/desarrollo.grupomedios.com\/futbol\/wp-json\/wp\/v2\/posts\/404887"}],"collection":[{"href":"http:\/\/desarrollo.grupomedios.com\/futbol\/wp-json\/wp\/v2\/posts"}],"about":[{"href":"http:\/\/desarrollo.grupomedios.com\/futbol\/wp-json\/wp\/v2\/types\/post"}],"author":[{"embeddable":true,"href":"http:\/\/desarrollo.grupomedios.com\/futbol\/wp-json\/wp\/v2\/users\/20"}],"replies":[{"embeddable":true,"href":"http:\/\/desarrollo.grupomedios.com\/futbol\/wp-json\/wp\/v2\/comments?post=404887"}],"version-history":[{"count":0,"href":"http:\/\/desarrollo.grupomedios.com\/futbol\/wp-json\/wp\/v2\/posts\/404887\/revisions"}],"wp:featuredmedia":[{"embeddable":true,"href":"http:\/\/desarrollo.grupomedios.com\/futbol\/wp-json\/wp\/v2\/media\/404888"}],"wp:attachment":[{"href":"http:\/\/desarrollo.grupomedios.com\/futbol\/wp-json\/wp\/v2\/media?parent=404887"}],"wp:term":[{"taxonomy":"category","embeddable":true,"href":"http:\/\/desarrollo.grupomedios.com\/futbol\/wp-json\/wp\/v2\/categories?post=404887"},{"taxonomy":"post_tag","embeddable":true,"href":"http:\/\/desarrollo.grupomedios.com\/futbol\/wp-json\/wp\/v2\/tags?post=404887"}],"curies":[{"name":"wp","href":"https:\/\/api.w.org\/{rel}","templated":true}]}}