{"id":404924,"date":"2016-06-19T20:37:45","date_gmt":"2016-06-20T02:37:45","guid":{"rendered":"http:\/\/www.futboltotal.com.mx\/?p=404924"},"modified":"2016-06-19T21:41:18","modified_gmt":"2016-06-20T03:41:18","slug":"en-chile-se-burlan-del-tri","status":"publish","type":"post","link":"http:\/\/desarrollo.grupomedios.com\/futbol\/videos\/en-chile-se-burlan-del-tri\/2016\/06","title":{"rendered":"En Chile se burlan de la goleada al Tri"},"content":{"rendered":"<p>Un d\u00eda despu\u00e9s de haber eliminado a <strong><a href=\"http:\/\/www.futboltotal.com.mx\/futbol-mexicano\/seleccion-mexicana\/\">M\u00e9xico<\/a><\/strong> por una senda goleada 0-7 en la Copa Am\u00e9rica Centenario, la cuenta chilena de <strong>adidas<\/strong> public\u00f3 un gif en redes sociales en el que aparece el arquero de la selecci\u00f3n de <strong>Chile<\/strong>, Claudio Bravo, haciendo muecas como si estuviese llorando.<\/p>\n<p>&#8220;En &#8216;tu casa&#8217;, El campe\u00f3n m\u00e1s vivo que nunca. Este Chile pic\u00f3 mucho m\u00e1s&#8221;, se lee en el mensaje publicado en\u00a0alusi\u00f3n a la ca\u00edda del\u00a0<em>Tricolor\u00a0<\/em>en calidad de local.<\/p>\n<p style=\"text-align: center;\"><span style=\"color: #3366ff;\"><strong><a style=\"color: #3366ff;\" href=\"http:\/\/www.futboltotal.com.mx\/futbol-mexicano\/seleccion-mexicana\/\">LEER M\u00c1S: Prensa chilena: Humillan a M\u00e9xico<\/a><\/strong><\/span><\/p>\n<blockquote class=\"twitter-tweet\" data-lang=\"es\">\n<p dir=\"ltr\" lang=\"es\">LOGRO DESBLOQUEADO: En &#8220;tu casa&#8221; El campe\u00f3n m\u00e1s vivo que nunca. Este Chile pic\u00f3 mucho m\u00e1s. <a href=\"https:\/\/twitter.com\/hashtag\/ACE16?src=hash\">#ACE16<\/a> <a href=\"https:\/\/twitter.com\/hashtag\/HazQueTeSigan?src=hash\">#HazQueTeSigan<\/a> <a href=\"https:\/\/t.co\/LNZFxviOyA\">pic.twitter.com\/LNZFxviOyA<\/a><\/p>\n<p>\u2014 adidasCL (@adidasCL) <a href=\"https:\/\/twitter.com\/adidasCL\/status\/744378938584109056\">19 de junio de 2016<\/a><\/p><\/blockquote>\n<p><script src=\"\/\/platform.twitter.com\/widgets.js\" async=\"\" charset=\"utf-8\"><\/script><\/p>\n","protected":false},"excerpt":{"rendered":"<p>Adidas public\u00f3 un gif con un pol\u00e9mico mensaje para la Selecci\u00f3n Mexicana<\/p>\n","protected":false},"author":20,"featured_media":404925,"comment_status":"closed","ping_status":"closed","sticky":false,"template":"","format":"standard","meta":[],"categories":[6950,6958,3839,4],"tags":[406,2130],"_links":{"self":[{"href":"http:\/\/desarrollo.grupomedios.com\/futbol\/wp-json\/wp\/v2\/posts\/404924"}],"collection":[{"href":"http:\/\/desarrollo.grupomedios.com\/futbol\/wp-json\/wp\/v2\/posts"}],"about":[{"href":"http:\/\/desarrollo.grupomedios.com\/futbol\/wp-json\/wp\/v2\/types\/post"}],"author":[{"embeddable":true,"href":"http:\/\/desarrollo.grupomedios.com\/futbol\/wp-json\/wp\/v2\/users\/20"}],"replies":[{"embeddable":true,"href":"http:\/\/desarrollo.grupomedios.com\/futbol\/wp-json\/wp\/v2\/comments?post=404924"}],"version-history":[{"count":0,"href":"http:\/\/desarrollo.grupomedios.com\/futbol\/wp-json\/wp\/v2\/posts\/404924\/revisions"}],"wp:featuredmedia":[{"embeddable":true,"href":"http:\/\/desarrollo.grupomedios.com\/futbol\/wp-json\/wp\/v2\/media\/404925"}],"wp:attachment":[{"href":"http:\/\/desarrollo.grupomedios.com\/futbol\/wp-json\/wp\/v2\/media?parent=404924"}],"wp:term":[{"taxonomy":"category","embeddable":true,"href":"http:\/\/desarrollo.grupomedios.com\/futbol\/wp-json\/wp\/v2\/categories?post=404924"},{"taxonomy":"post_tag","embeddable":true,"href":"http:\/\/desarrollo.grupomedios.com\/futbol\/wp-json\/wp\/v2\/tags?post=404924"}],"curies":[{"name":"wp","href":"https:\/\/api.w.org\/{rel}","templated":true}]}}