{"id":404953,"date":"2016-06-19T22:11:26","date_gmt":"2016-06-20T04:11:26","guid":{"rendered":"http:\/\/www.futboltotal.com.mx\/?p=404953"},"modified":"2016-06-19T22:13:06","modified_gmt":"2016-06-20T04:13:06","slug":"boy-espera-refuerzos-lujo-cruz-azul","status":"publish","type":"post","link":"http:\/\/desarrollo.grupomedios.com\/futbol\/futbol-mexicano\/boy-espera-refuerzos-lujo-cruz-azul\/2016\/06","title":{"rendered":"Cruz Azul espera refuerzos chilenos"},"content":{"rendered":"<p>Aunque sin dar a conocer los nombres de los refuerzos, <strong>Cruz Azul<\/strong> espera a los \u00faltimos que saldr\u00e1n al finalizar la <strong>Copa Am\u00e9rica<\/strong> para enfrentar el <strong>Apertura 2016<\/strong> y de esta manera completar la planilla.<\/p>\n<p>El timonel celeste, Tom\u00e1s Boy, dijo que todo marcha en orden y s\u00f3lo se est\u00e1 a la espera de la culminaci\u00f3n del certamen que tiene lugar en Estados Unidos para saber el tiempo en que se reportar\u00e1n los nuevos elementos de su equipo.<\/p>\n<p style=\"text-align: center;\"><span style=\"color: #3366ff;\"><strong><a style=\"color: #3366ff;\" href=\"http:\/\/www.futboltotal.com.mx\/2016\/06\/futbol-estufa-rumbo-al-apertura-2016-altas-bajas-rumores\/\">LEER M\u00c1S: Altas, bajas y rumores para el Apertura 2016<\/a><\/strong><\/span><\/p>\n<p>En este tenor,la prensa chilena apunta que los jugadores chilenos que llegar\u00e1n a la <em>M\u00e1quina<\/em> son\u00a0<strong>Francisco Silva, <\/strong>quien ya tiene un acuerdo total con el club,\u00a0y el defensa central\u00a0<strong>Enzo Roco<\/strong>, quien dejar\u00e1 al Espanyol para incursionar en la Liga MX.<\/p>\n<p>Por otra parte,<strong> Boy<\/strong>\u00a0habl\u00f3 sobre el refuerzo argentino Juli\u00e1n Vel\u00e1zquez y asegur\u00f3 que ya trabaja en el aspecto f\u00edsico para estar concentrado al 100 por ciento en la pretemporada del conjunto capitalino.<\/p>\n<p>Este fin de semana, Cruz Azul tuvo un juego amistoso ante Loros de Colima y perdi\u00f3 por marcador de 4-2.\u00a0<strong>Boy<\/strong> coment\u00f3 que m\u00e1s all\u00e1 del resultado, el partido sirvi\u00f3 para analizar el funcionamiento de cada uno de los jugadores para enfrentar el torneo y de esta manera revertir la actuaci\u00f3n de la temporada pasada.<\/p>\n","protected":false},"excerpt":{"rendered":"<p>Los andinos reportar\u00e1n tras la disputa de la Copa Am\u00e9rica Centenario<\/p>\n","protected":false},"author":20,"featured_media":404954,"comment_status":"closed","ping_status":"closed","sticky":false,"template":"","format":"standard","meta":[],"categories":[2198,3845],"tags":[6927,5962],"_links":{"self":[{"href":"http:\/\/desarrollo.grupomedios.com\/futbol\/wp-json\/wp\/v2\/posts\/404953"}],"collection":[{"href":"http:\/\/desarrollo.grupomedios.com\/futbol\/wp-json\/wp\/v2\/posts"}],"about":[{"href":"http:\/\/desarrollo.grupomedios.com\/futbol\/wp-json\/wp\/v2\/types\/post"}],"author":[{"embeddable":true,"href":"http:\/\/desarrollo.grupomedios.com\/futbol\/wp-json\/wp\/v2\/users\/20"}],"replies":[{"embeddable":true,"href":"http:\/\/desarrollo.grupomedios.com\/futbol\/wp-json\/wp\/v2\/comments?post=404953"}],"version-history":[{"count":0,"href":"http:\/\/desarrollo.grupomedios.com\/futbol\/wp-json\/wp\/v2\/posts\/404953\/revisions"}],"wp:featuredmedia":[{"embeddable":true,"href":"http:\/\/desarrollo.grupomedios.com\/futbol\/wp-json\/wp\/v2\/media\/404954"}],"wp:attachment":[{"href":"http:\/\/desarrollo.grupomedios.com\/futbol\/wp-json\/wp\/v2\/media?parent=404953"}],"wp:term":[{"taxonomy":"category","embeddable":true,"href":"http:\/\/desarrollo.grupomedios.com\/futbol\/wp-json\/wp\/v2\/categories?post=404953"},{"taxonomy":"post_tag","embeddable":true,"href":"http:\/\/desarrollo.grupomedios.com\/futbol\/wp-json\/wp\/v2\/tags?post=404953"}],"curies":[{"name":"wp","href":"https:\/\/api.w.org\/{rel}","templated":true}]}}