{"id":405027,"date":"2016-06-20T16:30:00","date_gmt":"2016-06-20T22:30:00","guid":{"rendered":"http:\/\/www.futboltotal.com.mx\/?p=405027"},"modified":"2016-06-20T21:47:08","modified_gmt":"2016-06-21T03:47:08","slug":"marc-crosas-borrado-del-cruz-azul","status":"publish","type":"post","link":"http:\/\/desarrollo.grupomedios.com\/futbol\/destacado-home\/marc-crosas-borrado-del-cruz-azul\/2016\/06","title":{"rendered":"Marc Crosas, borrado del Cruz Azul"},"content":{"rendered":"<p>Este lunes 20 de junio, el futbolista espa\u00f1ol naturalizado mexicano, <strong>Marc Crosas<\/strong>, revel\u00f3 a los medios que se encuentra separado del <a href=\"http:\/\/www.futboltotal.com.mx\/equipos\/cruz-azul\/\" target=\"_blank\"><strong>Cruz Azul<\/strong><\/a>, pues no ha sido tomado en cuenta por la directiva ni el cuerpo t\u00e9cnico de la <em>M\u00e1quina<\/em>.<\/p>\n<p>&#8220;No me dejan entrenar ni tampoco me tienen tomado en cuenta. Se que es dif\u00edcil que la directiva de un equipo apueste por un jugador que no ha tenido actividad en nueve meses, as\u00ed que por ahora, s\u00f3lo me queda esperar&#8221;, se\u00f1al\u00f3 <strong>Marc Crosas<\/strong> a la prensa.<\/p>\n<p style=\"text-align: center;\"><span style=\"color: #3366ff;\"><strong><a style=\"color: #3366ff;\" href=\"http:\/\/www.futboltotal.com.mx\/2016\/06\/giovani-dos-santos-llegaria-a-pumas\/\" target=\"_blank\">LEER M\u00c1S: \u00bfGiovani dos Santos, en la mira de Pumas?<\/a><\/strong><\/span><\/p>\n<p>El futbolista canterano blaugrana se lesion\u00f3 en la jornada 7 del Apertura 2015, en un partido entre <strong>Cruz Azul<\/strong> y Am\u00e9rica, desde entonces, se mantuvo en rehabilitaci\u00f3n hasta la segunda mitad del Clausura 2016, donde s\u00f3lo particip\u00f3 con el conjunto Sub-20 de <em>La M\u00e1quina<\/em>.<\/p>\n","protected":false},"excerpt":{"rendered":"<p>El mexico-espa\u00f1ol no est\u00e1 planes del equipo<\/p>\n","protected":false},"author":20,"featured_media":405028,"comment_status":"closed","ping_status":"closed","sticky":false,"template":"","format":"standard","meta":[],"categories":[5,2198,3845,5950],"tags":[5962],"_links":{"self":[{"href":"http:\/\/desarrollo.grupomedios.com\/futbol\/wp-json\/wp\/v2\/posts\/405027"}],"collection":[{"href":"http:\/\/desarrollo.grupomedios.com\/futbol\/wp-json\/wp\/v2\/posts"}],"about":[{"href":"http:\/\/desarrollo.grupomedios.com\/futbol\/wp-json\/wp\/v2\/types\/post"}],"author":[{"embeddable":true,"href":"http:\/\/desarrollo.grupomedios.com\/futbol\/wp-json\/wp\/v2\/users\/20"}],"replies":[{"embeddable":true,"href":"http:\/\/desarrollo.grupomedios.com\/futbol\/wp-json\/wp\/v2\/comments?post=405027"}],"version-history":[{"count":0,"href":"http:\/\/desarrollo.grupomedios.com\/futbol\/wp-json\/wp\/v2\/posts\/405027\/revisions"}],"wp:featuredmedia":[{"embeddable":true,"href":"http:\/\/desarrollo.grupomedios.com\/futbol\/wp-json\/wp\/v2\/media\/405028"}],"wp:attachment":[{"href":"http:\/\/desarrollo.grupomedios.com\/futbol\/wp-json\/wp\/v2\/media?parent=405027"}],"wp:term":[{"taxonomy":"category","embeddable":true,"href":"http:\/\/desarrollo.grupomedios.com\/futbol\/wp-json\/wp\/v2\/categories?post=405027"},{"taxonomy":"post_tag","embeddable":true,"href":"http:\/\/desarrollo.grupomedios.com\/futbol\/wp-json\/wp\/v2\/tags?post=405027"}],"curies":[{"name":"wp","href":"https:\/\/api.w.org\/{rel}","templated":true}]}}