{"id":405040,"date":"2016-06-20T19:18:43","date_gmt":"2016-06-21T01:18:43","guid":{"rendered":"http:\/\/www.futboltotal.com.mx\/?p=405040"},"modified":"2016-06-20T19:18:43","modified_gmt":"2016-06-21T01:18:43","slug":"pedro-medita-dejar-a-la-seleccion-espana","status":"publish","type":"post","link":"http:\/\/desarrollo.grupomedios.com\/futbol\/futbol-internacional\/pedro-medita-dejar-a-la-seleccion-espana\/2016\/06","title":{"rendered":"Pedro medita dejar a la selecci\u00f3n de Espa\u00f1a"},"content":{"rendered":"<p><strong>Pedro Rodr\u00edguez<\/strong>, extremo espa\u00f1ol del Chelsea, sorprendi\u00f3 con unas declaraciones en la v\u00edspera del tercer partido de Espa\u00f1a en la Eurocopa 2016, ante Francia en Burdeos, en las lamenta su presencia sin minutos y asegura que si no ve &#8220;continuidad tampoco merece la pena seguir&#8221; en <em>La Roja<\/em>.<\/p>\n<p>&#8220;Ten\u00eda otra expectativa cuando llegu\u00e9 aqu\u00ed y no est\u00e1 siendo la que yo deseaba. Tambi\u00e9n s\u00e9 que es complicado seguir aqu\u00ed, estar aqu\u00ed, porque asumir este papel para m\u00ed es dif\u00edcil y si no ves continuidad tampoco merece la pena seguir viniendo para hacer grupo, para estar aqu\u00ed con los compa\u00f1eros, a pesar de que estoy muy c\u00f3modo&#8221;, declar\u00f3 el delantero de 28 a\u00f1os.<\/p>\n<p><strong>Pedro<\/strong> se plantea deja de acudir a la selecci\u00f3n espa\u00f1ola despu\u00e9s de haber jugado unos minutos ante la Rep\u00fablica Checa en Toulouse y quedarse todo el partido en el banquillo en Niza frente a Turqu\u00eda.<\/p>\n<p style=\"text-align: center;\"><span style=\"color: #3366ff;\"><a style=\"color: #3366ff;\" href=\"http:\/\/www.futboltotal.com.mx\/eurocopa-2016\/\"><strong>LEER M\u00c1S: Todas las noticias de la Eurocopa<\/strong><\/a><\/span><\/p>\n<p>&#8220;Si puedo dar el paso lo pensar\u00e9 y lo meditar\u00e9. Evidentemente no es lo mejor ahora para darlo, estamos concentrados en la Euro y por respeto a mis compa\u00f1eros y a mis entrenadores, que siempre han confiado en m\u00ed, no es algo que deba valorar ahora, pero es algo que se piensa y te hace pensar cada d\u00eda, eso es l\u00f3gico&#8221;, manifest\u00f3.<\/p>\n<p>El futbolista isle\u00f1o reflexion\u00f3 sobre lo que est\u00e1 viviendo en su presente en la selecci\u00f3n espa\u00f1ola y una suplencia que no asume. &#8220;Se lleva mal, evidentemente. Uno siempre quiere jugar, aportar al m\u00e1ximo. Adem\u00e1s, pens\u00e9 que esta Eurocopa pod\u00eda tener continuidad y no est\u00e1 siendo as\u00ed&#8221;, lament\u00f3.<\/p>\n<p>&#8220;Llegu\u00e9 muy bien de forma, sobre todo en las primeras semanas. Estuve muy bien, pero ya ve\u00eda que la participaci\u00f3n iba a ser distinta, iba a ser poca. Ahora, esperando la oportunidad, pero evidentemente es muy diferente&#8221;, a\u00f1adi\u00f3.<\/p>\n<p>Pedro compar\u00f3 esta situaci\u00f3n en la Roja con lo que impuls\u00f3 a abandonar el Barcelona y marcharse al Chelsea. &#8220;Las situaciones a veces llegan a ese punto que ya uno tiene que tomar esa decisi\u00f3n, como cuando la tom\u00e9 tuve que irme del Bar\u00e7a. Eso pasa para todos en el f\u00fatbol, para todo jugador y tiene que saber reconocer cu\u00e1ndo est\u00e1 y cu\u00e1ndo no est\u00e1<\/p>\n","protected":false},"excerpt":{"rendered":"<p>El delantero dio sorpresivas declaraciones previo al duelo ante Croacia<\/p>\n","protected":false},"author":20,"featured_media":405041,"comment_status":"closed","ping_status":"closed","sticky":false,"template":"","format":"standard","meta":[],"categories":[6995,3839,6999,5951],"tags":[253,6152,3396],"_links":{"self":[{"href":"http:\/\/desarrollo.grupomedios.com\/futbol\/wp-json\/wp\/v2\/posts\/405040"}],"collection":[{"href":"http:\/\/desarrollo.grupomedios.com\/futbol\/wp-json\/wp\/v2\/posts"}],"about":[{"href":"http:\/\/desarrollo.grupomedios.com\/futbol\/wp-json\/wp\/v2\/types\/post"}],"author":[{"embeddable":true,"href":"http:\/\/desarrollo.grupomedios.com\/futbol\/wp-json\/wp\/v2\/users\/20"}],"replies":[{"embeddable":true,"href":"http:\/\/desarrollo.grupomedios.com\/futbol\/wp-json\/wp\/v2\/comments?post=405040"}],"version-history":[{"count":0,"href":"http:\/\/desarrollo.grupomedios.com\/futbol\/wp-json\/wp\/v2\/posts\/405040\/revisions"}],"wp:featuredmedia":[{"embeddable":true,"href":"http:\/\/desarrollo.grupomedios.com\/futbol\/wp-json\/wp\/v2\/media\/405041"}],"wp:attachment":[{"href":"http:\/\/desarrollo.grupomedios.com\/futbol\/wp-json\/wp\/v2\/media?parent=405040"}],"wp:term":[{"taxonomy":"category","embeddable":true,"href":"http:\/\/desarrollo.grupomedios.com\/futbol\/wp-json\/wp\/v2\/categories?post=405040"},{"taxonomy":"post_tag","embeddable":true,"href":"http:\/\/desarrollo.grupomedios.com\/futbol\/wp-json\/wp\/v2\/tags?post=405040"}],"curies":[{"name":"wp","href":"https:\/\/api.w.org\/{rel}","templated":true}]}}