{"id":405098,"date":"2016-06-20T18:26:28","date_gmt":"2016-06-21T00:26:28","guid":{"rendered":"http:\/\/www.futboltotal.com.mx\/?p=405098"},"modified":"2016-06-20T23:28:27","modified_gmt":"2016-06-21T05:28:27","slug":"tite-dirigira-a-brasil-en-juego-olimpicos","status":"publish","type":"post","link":"http:\/\/desarrollo.grupomedios.com\/futbol\/futbol-internacional\/tite-dirigira-a-brasil-en-juego-olimpicos\/2016\/06","title":{"rendered":"Tite no dirigir\u00e1 a Brasil en Juego Ol\u00edmpicos"},"content":{"rendered":"<p>La CBF present\u00f3 este lunes a <strong>Adenor Leonardo Bacchi Tite<\/strong> como nuevo director t\u00e9cnico de la Selecci\u00f3n de <strong>Brasil<\/strong>, cuya misi\u00f3n principal es enderezar el rumbo del combinado nacional en las eliminatorias mundialistas rumbo a Rusia 2018, donde se ubica en el sexto puesto de la clasificaci\u00f3n y sin una de las cuatro plazas directas a la justa que otroga Conmebol.<\/p>\n<p>&#8220;El foco y la prioridad es la clasificaci\u00f3n para el Mundial. Tenemos que aceptar la realidad de que estamos en una zona de riesgo. Hay riesgo s\u00ed (de ser eliminados). Pero hay toda calidad y un trabajo y voy a integrarme para buscar la clasificaci\u00f3n&#8221;, afirm\u00f3 el estratega, relev\u00f3 del entrenador Dunga, destituido tras quedar eliminado con <strong>Brasil<\/strong> en la Fase de Grupos de la Copa Am\u00e9rica Centenrio.<\/p>\n<p style=\"text-align: center;\"><strong><span style=\"color: #3366ff;\"><a style=\"color: #3366ff;\" href=\"http:\/\/www.futboltotal.com.mx\/futbol-internacional\/\">LEER M\u00c1S: Todas las noticias de futbol internacional<\/a><\/span><\/strong><\/p>\n<p>En sus pr\u00f3ximos compromisos en el camino hacia Rusia 2018, <strong>Brasil<\/strong> visitar\u00e1 a Ecuador en Quito el 2 de septiembre y cuatro d\u00edas despu\u00e9s recibir\u00e1 a Colombia en la ciudad amaz\u00f3nica de Manaos. De ganar ambos podr\u00eda catapultarse a zona de clasificaci\u00f3n, donde actualmente est\u00e1n Uruguay, Ecuador, Argentina y Chile.<\/p>\n<p>Tite estableci\u00f3 que no dirigir\u00e1 a<strong> Brasil<\/strong> en la disputa de los Juegos Ol\u00edmpicos de Londres 2012, donde el reto es conseguir la in\u00e9dita medalla de oro para Brasil. Para los Ol\u00edmpicos, el propio Tite recomend\u00f3 a la CBF la continuidad de Rogerio Micale, t\u00e9cnico de la categor\u00eda Sub&#8217;20 y quien de manera interina asum\u00eda la funci\u00f3n cuando Dunga estaba con el equipo mayor.<\/p>\n<p>En la misma rueda de prensa, la CBF present\u00f3 a Ed\u00fa Gaspar como el nuevo coordinador de selecciones de <strong>Brasil<\/strong> y a Cl\u00e9ber Xavier y Matheus como miembros de la comisi\u00f3n t\u00e9cnica de la selecci\u00f3n absoluta. Los tres trabajaban con Tite en el Corinthians.<\/p>\n","protected":false},"excerpt":{"rendered":"<p>El seleccionador rechaza dirigir a la Verdeamarelha en la justa y pide a un DT interino <\/p>\n","protected":false},"author":20,"featured_media":405110,"comment_status":"closed","ping_status":"closed","sticky":false,"template":"","format":"standard","meta":[],"categories":[3839,5951],"tags":[6009,1911],"_links":{"self":[{"href":"http:\/\/desarrollo.grupomedios.com\/futbol\/wp-json\/wp\/v2\/posts\/405098"}],"collection":[{"href":"http:\/\/desarrollo.grupomedios.com\/futbol\/wp-json\/wp\/v2\/posts"}],"about":[{"href":"http:\/\/desarrollo.grupomedios.com\/futbol\/wp-json\/wp\/v2\/types\/post"}],"author":[{"embeddable":true,"href":"http:\/\/desarrollo.grupomedios.com\/futbol\/wp-json\/wp\/v2\/users\/20"}],"replies":[{"embeddable":true,"href":"http:\/\/desarrollo.grupomedios.com\/futbol\/wp-json\/wp\/v2\/comments?post=405098"}],"version-history":[{"count":0,"href":"http:\/\/desarrollo.grupomedios.com\/futbol\/wp-json\/wp\/v2\/posts\/405098\/revisions"}],"wp:featuredmedia":[{"embeddable":true,"href":"http:\/\/desarrollo.grupomedios.com\/futbol\/wp-json\/wp\/v2\/media\/405110"}],"wp:attachment":[{"href":"http:\/\/desarrollo.grupomedios.com\/futbol\/wp-json\/wp\/v2\/media?parent=405098"}],"wp:term":[{"taxonomy":"category","embeddable":true,"href":"http:\/\/desarrollo.grupomedios.com\/futbol\/wp-json\/wp\/v2\/categories?post=405098"},{"taxonomy":"post_tag","embeddable":true,"href":"http:\/\/desarrollo.grupomedios.com\/futbol\/wp-json\/wp\/v2\/tags?post=405098"}],"curies":[{"name":"wp","href":"https:\/\/api.w.org\/{rel}","templated":true}]}}