{"id":405134,"date":"2016-06-21T14:20:41","date_gmt":"2016-06-21T20:20:41","guid":{"rendered":"http:\/\/www.futboltotal.com.mx\/?p=405134"},"modified":"2016-06-21T20:22:27","modified_gmt":"2016-06-22T02:22:27","slug":"en-vivo-croacia-vs-espana-eurocopa","status":"publish","type":"post","link":"http:\/\/desarrollo.grupomedios.com\/futbol\/futbol-internacional\/en-vivo-croacia-vs-espana-eurocopa\/2016\/06","title":{"rendered":"AS\u00cd SE VIVI\u00d3 | Croacia 2-1 Espa\u00f1a | Euro 2016"},"content":{"rendered":"<p><img decoding=\"async\" loading=\"lazy\" class=\"alignnone size-full wp-image-405223\" src=\"http:\/\/www.futboltotal.com.mx\/wp-content\/uploads\/2016\/06\/Banner-croacia-vs-espana-kia.jpg\" alt=\"Banner-croacia-vs-espana-kia\" srcset=\"http:\/\/desarrollo.grupomedios.com\/futbol\/wp-content\/uploads\/2016\/06\/Banner-croacia-vs-espana-kia.jpg 858w, http:\/\/desarrollo.grupomedios.com\/futbol\/wp-content\/uploads\/2016\/06\/Banner-croacia-vs-espana-kia-300x33.jpg 300w, http:\/\/desarrollo.grupomedios.com\/futbol\/wp-content\/uploads\/2016\/06\/Banner-croacia-vs-espana-kia-768x83.jpg 768w\" sizes=\"(max-width: 858px) 100vw, 858px\" \/><\/p>\n<p><span style=\"color: #ff0000;\">94:00<\/span> | \u00a1Se termina el partido! Croacia le da la vuelta a Espa\u00f1a y los env\u00eda como segundo lugar del grupo D.<\/p>\n<p><span style=\"color: #ff0000;\">90:00 +4<\/span> | \u00a1Se salva Croacia! David Silva recorre hasta la banda izquierda y manda un centro que la defensa croata saca en la l\u00ednea.<\/p>\n<blockquote class=\"twitter-tweet\" data-lang=\"es\">\n<p dir=\"ltr\" lang=\"es\"><a href=\"https:\/\/twitter.com\/hashtag\/MeLatenLasCopas?src=hash\">#MeLatenLasCopas<\/a> <a href=\"https:\/\/twitter.com\/hashtag\/CRO?src=hash\">#CRO<\/a> 2-1 <a href=\"https:\/\/twitter.com\/hashtag\/ESP?src=hash\">#ESP<\/a><a href=\"https:\/\/twitter.com\/hashtag\/EURO2016?src=hash\">#EURO2016<\/a>: \u00a1Con esta \u00faltima jugada Espa\u00f1a casi empata!<br \/>\n<a href=\"https:\/\/t.co\/3ON0dDXbje\">https:\/\/t.co\/3ON0dDXbje<\/a><\/p>\n<p>\u2014 futaztecadeportes (@futaztecadep) <a href=\"https:\/\/twitter.com\/futaztecadep\/status\/745359019334737920\">21 de junio de 2016<\/a><\/p><\/blockquote>\n<p><script src=\"\/\/platform.twitter.com\/widgets.js\" async=\"\" charset=\"utf-8\"><\/script><\/p>\n<p><span style=\"color: #ff0000;\">90:00 + 2<\/span> | Los \u00faltimos cambios de Croacia: Sale Pjaca y entra Cop, tambi\u00e9n sale la figura del partido Perisic y entra Kamaric.<\/p>\n<p><span style=\"color: #ff0000;\">90:00<\/span> | Se cumple el tiempo reglamentario y el \u00e1rbitro agrega tres minutos para que finalice el partido.<\/p>\n<p><span style=\"color: #ff0000;\">87:00<\/span> | Con este gol de Perisic, Croacia ser\u00e1 primera del Grupo D y Espa\u00f1a podr\u00eda enfrentar a Italia en los Octavos de Final.<\/p>\n<blockquote class=\"twitter-tweet\" data-lang=\"es\"><p>\n<a href=\"https:\/\/twitter.com\/hashtag\/EurocopaEnTD?src=hash\">#EurocopaEnTD<\/a> \u00a1GOOOOL DE <a href=\"https:\/\/twitter.com\/hashtag\/CRO?src=hash\">#CRO<\/a>! Perisic marca el segundo \u00a1EN VIVO! en TDcom <a href=\"https:\/\/t.co\/rKAeBXhcWR\">https:\/\/t.co\/rKAeBXhcWR<\/a> <a href=\"https:\/\/t.co\/Ak1H9CfIZN\">https:\/\/t.co\/Ak1H9CfIZN<\/a><\/p>\n<p>\u2014 Televisa Deportes (@TD_Deportes) <a href=\"https:\/\/twitter.com\/TD_Deportes\/status\/745356937999507458\">21 de junio de 2016<\/a>\n<\/p><\/blockquote>\n<p><script src=\"\/\/platform.twitter.com\/widgets.js\" async=\"\" charset=\"utf-8\"><\/script><\/p>\n<p><span style=\"color: #ff0000;\">86:00<\/span> | \u00a1GOOOOOOOOOOOOOL! Golazo de Perisic en contragolpe y manda un tiro potente al poste derecho de David De Gea. Lo gana Croacia 2-1.<\/p>\n<p><span style=\"color: #ff0000;\">83:00<\/span> | \u00daltimo cambi\u00f3 de la Selecci\u00f3n Espa\u00f1ola: sale con la camiseta n\u00famero 10 Cesc F\u00e1bregas y entra con el 14 Thiago Alcantar\u00e1.<\/p>\n<p><span style=\"color: #ff0000;\">81:00<\/span> | Cambio de Croacia: sale con el 15 Marko Rog y entra con el 8 Mateo Kovacic.<\/p>\n<p><span style=\"color: #ff0000;\">80:00<\/span> | El partido toma una pausa debido a que el croata Corluka sangra de la nariz.<\/p>\n<p><span style=\"color: #ff0000;\">78:00<\/span> | As\u00ed ataj\u00f3 el penal Subasic a Sergio Ramos. Casi no se adelant\u00f3&#8230; \u00bfo si?<\/p>\n<p><img decoding=\"async\" loading=\"lazy\" class=\"alignnone size-full wp-image-405308\" src=\"http:\/\/www.futboltotal.com.mx\/wp-content\/uploads\/2016\/06\/Subasic-atajo-penal.jpg\" alt=\"Subasic-atajo-penal\" srcset=\"http:\/\/desarrollo.grupomedios.com\/futbol\/wp-content\/uploads\/2016\/06\/Subasic-atajo-penal.jpg 858w, http:\/\/desarrollo.grupomedios.com\/futbol\/wp-content\/uploads\/2016\/06\/Subasic-atajo-penal-300x151.jpg 300w, http:\/\/desarrollo.grupomedios.com\/futbol\/wp-content\/uploads\/2016\/06\/Subasic-atajo-penal-768x386.jpg 768w, http:\/\/desarrollo.grupomedios.com\/futbol\/wp-content\/uploads\/2016\/06\/Subasic-atajo-penal-340x171.jpg 340w\" sizes=\"(max-width: 858px) 100vw, 858px\" \/><\/p>\n<p><span style=\"color: #ff0000;\">76:00<\/span> | Croacia no baja el ritmo y sigue presionando a la defensa espa\u00f1ola desde su salida. Seguimos 1-1.<\/p>\n<p><span style=\"color: #ff0000;\">71:00<\/span> | \u00a1Fall\u00f3 Sergio Ramos! Dispar\u00f3 potente al centro y ante el adelanto de Subasic, el croata detiene el penal.<\/p>\n<blockquote class=\"twitter-tweet\" data-lang=\"es\"><p><a href=\"https:\/\/twitter.com\/hashtag\/EurocopaEnTD?src=hash\">#EurocopaEnTD<\/a> \u00a1PERDONDA <a href=\"https:\/\/twitter.com\/hashtag\/ESP?src=hash\">#ESP<\/a>! Ramos falla el penal \u00a1EN VIVO! en TDcom <a href=\"https:\/\/t.co\/rKAeBXhcWR\">https:\/\/t.co\/rKAeBXhcWR<\/a> <a href=\"https:\/\/t.co\/HhAGLPK0lh\">https:\/\/t.co\/HhAGLPK0lh<\/a><\/p>\n<p>\u2014 Televisa Deportes (@TD_Deportes) <a href=\"https:\/\/twitter.com\/TD_Deportes\/status\/745352934527893508\">21 de junio de 2016<\/a><\/p><\/blockquote>\n<p><script src=\"\/\/platform.twitter.com\/widgets.js\" async=\"\" charset=\"utf-8\"><\/script><\/p>\n<p><span style=\"color: #ff0000;\">70:00<\/span> | \u00a1Penal para Espa\u00f1a! Empuj\u00f3n dentro del \u00e1rea sobre David Silva y Espa\u00f1a tendr\u00e1 oportunidad de adelantarse.<\/p>\n<p><span style=\"color: #ff0000;\">67:00<\/span> | \u00a1Cerca Sergio Ramos! El central remat\u00f3 de cabeza y Subasic respondi\u00f3 muy bien mandado a tiro de esquina.<\/p>\n<p><span style=\"color: #ff0000;\">65:00<\/span> | Espa\u00f1a busca manejar el partido pero Croacia presiona bien arriba y ya es m\u00e1s peligroso en este segundo tiempo.<\/p>\n<p><span style=\"color: #ff0000;\">63:00<\/span> | \u00a1Gran jugada Pjaca! Se quit\u00f3 a tres de encima y despu\u00e9s cay\u00f3 al c\u00e9sped. Los croatas reclaman penal y el \u00e1rbitro no marca nada.<\/p>\n<p><span style=\"color: #ff0000;\">59:00<\/span> | Cambio de Espa\u00f1a: sale con el 22 Nolito y entra con el 19 Bruno Soriano.<\/p>\n<p><span style=\"color: #ff0000;\">56:00<\/span> | \u00a1Se salva Espa\u00f1a dos veces! Centro de Srna, sale mal De Gea y en el camino tapa un disparo por parte de Rakitic. Responden los croatas.<\/p>\n<blockquote class=\"twitter-tweet\" data-lang=\"es\"><p>\n<a href=\"https:\/\/twitter.com\/hashtag\/EurocopaEnTD?src=hash\">#EurocopaEnTD<\/a> \u00a1CERCA <a href=\"https:\/\/twitter.com\/hashtag\/CRO?src=hash\">#CRO<\/a>! Se va por un costado el remate de Pjaca \u00a1EN VIVO! en TDcom <a href=\"https:\/\/t.co\/rKAeBXhcWR\">https:\/\/t.co\/rKAeBXhcWR<\/a> <a href=\"https:\/\/t.co\/DNKjHgAlIO\">https:\/\/t.co\/DNKjHgAlIO<\/a><\/p>\n<p>\u2014 Televisa Deportes (@TD_Deportes) <a href=\"https:\/\/twitter.com\/TD_Deportes\/status\/745349389573513216\">21 de junio de 2016<\/a>\n<\/p><\/blockquote>\n<p><script src=\"\/\/platform.twitter.com\/widgets.js\" async=\"\" charset=\"utf-8\"><\/script><\/p>\n<p><span style=\"color: #ff0000;\">54:00<\/span> | \u00a1Falta de Espa\u00f1a! Pjaca corr\u00eda por la banda derecha y Sergio Ramos lo baja antes de entrar al \u00e1rea. Jugada de peligro para Croacia.<\/p>\n<p><span style=\"color: #ff0000;\">53:00<\/span> | Centro por abajo de Jordi Alba y el remate Morata se va por encima. El espa\u00f1ol reclama saque de esquina, pero el \u00e1rbitro no concede.<\/p>\n<p><span style=\"color: #ff0000;\">47:00<\/span> | Tiro de Juanfran que se va por arriba de la porter\u00eda de Subasic.<\/p>\n<p><span style=\"color: #ff0000;\">45:01<\/span> | \u00a1Arranca la parte complementaria! Croacia y Espa\u00f1a empatan 1-1 en Burdeaux.<\/p>\n<p><span style=\"color: #ff0000;\">45:00<\/span> | As\u00ed la jornada de este martes con los partidos de la Eurocopa.<\/p>\n<blockquote class=\"twitter-tweet\" data-lang=\"es\"><p>As\u00ed va la jornada del martes en la <a href=\"https:\/\/twitter.com\/hashtag\/EURO2016?src=hash\">#EURO2016<\/a>&#8230; <a href=\"https:\/\/t.co\/7INbjFJ0M7\">pic.twitter.com\/7INbjFJ0M7<\/a><\/p>\n<p>\u2014 UEFA.com en espa\u00f1ol (@UEFAcom_es) <a href=\"https:\/\/twitter.com\/UEFAcom_es\/status\/745342961127464960\">21 de junio de 2016<\/a><\/p><\/blockquote>\n<p><script src=\"\/\/platform.twitter.com\/widgets.js\" async=\"\" charset=\"utf-8\"><\/script><\/p>\n<p><span style=\"color: #ff0000;\">45:00<\/span> | As\u00ed fue el gran remat\u00f3 Kalinic para que Croacia empatara el partido.<\/p>\n<p><img decoding=\"async\" loading=\"lazy\" class=\"alignnone size-full wp-image-405285\" src=\"http:\/\/www.futboltotal.com.mx\/wp-content\/uploads\/2016\/06\/gol-croacia.jpg\" alt=\"gol-croacia\" srcset=\"http:\/\/desarrollo.grupomedios.com\/futbol\/wp-content\/uploads\/2016\/06\/gol-croacia.jpg 858w, http:\/\/desarrollo.grupomedios.com\/futbol\/wp-content\/uploads\/2016\/06\/gol-croacia-300x151.jpg 300w, http:\/\/desarrollo.grupomedios.com\/futbol\/wp-content\/uploads\/2016\/06\/gol-croacia-768x386.jpg 768w, http:\/\/desarrollo.grupomedios.com\/futbol\/wp-content\/uploads\/2016\/06\/gol-croacia-340x171.jpg 340w\" sizes=\"(max-width: 858px) 100vw, 858px\" \/><\/p>\n<p><span style=\"color: #ff0000;\">45:00<\/span> | \u00a1Se termina el primer tiempo! Con goles de Kalinic y Morata, Croacia y Espa\u00f1a empatan 1-1 en Burdeaux.<\/p>\n<p><span style=\"color: #ff0000;\">44:00<\/span> | Con este golazo, Espa\u00f1a pierde la racha de 10 partidos sin recibir gol.<\/p>\n<blockquote class=\"twitter-tweet\" data-lang=\"es\"><p>\n<a href=\"https:\/\/twitter.com\/hashtag\/EurocopaEnTD?src=hash\">#EurocopaEnTD<\/a> \u00a1GOOOOL DE <a href=\"https:\/\/twitter.com\/hashtag\/CRO?src=hash\">#CRO<\/a>! Kalinic empata el partido \u00a1EN VIVO! en TDcom <a href=\"https:\/\/t.co\/rKAeBXhcWR\">https:\/\/t.co\/rKAeBXhcWR<\/a> <a href=\"https:\/\/t.co\/cH72koEOWy\">https:\/\/t.co\/cH72koEOWy<\/a><\/p>\n<p>\u2014 Televisa Deportes (@TD_Deportes) <a href=\"https:\/\/twitter.com\/TD_Deportes\/status\/745342109213831168\">21 de junio de 2016<\/a>\n<\/p><\/blockquote>\n<p><script src=\"\/\/platform.twitter.com\/widgets.js\" async=\"\" charset=\"utf-8\"><\/script><\/p>\n<p><span style=\"color: #ff0000;\">44:00<\/span> | \u00a1Gooooooool de Croacia! Centro por izquierda de Iv\u00e1n Perisic y llega Kalinic para rematar de taquito. Se empata el partido.<\/p>\n<p><span style=\"color: #ff0000;\">43:00<\/span> | \u00a1Uy, se le escap\u00f3 a Morata! Gran pase filtrado que dej\u00f3 solo al delantero de la\u00a0<em>Juve\u00a0<\/em>pero Subasic le gana el bal\u00f3n.<\/p>\n<p><span style=\"color: #ff0000;\">41:00<\/span> | Al igual que en los dos primeros partidos de la Euro, Andr\u00e9s Iniesta sigue derrochando calidad en el campo de Budeaux.<\/p>\n<p><img decoding=\"async\" loading=\"lazy\" class=\"alignnone size-full wp-image-405277\" src=\"http:\/\/www.futboltotal.com.mx\/wp-content\/uploads\/2016\/06\/Iniesta-vs-croacia-euro-2016.jpg\" alt=\"Iniesta-vs-croacia-euro-2016\" srcset=\"http:\/\/desarrollo.grupomedios.com\/futbol\/wp-content\/uploads\/2016\/06\/Iniesta-vs-croacia-euro-2016.jpg 858w, http:\/\/desarrollo.grupomedios.com\/futbol\/wp-content\/uploads\/2016\/06\/Iniesta-vs-croacia-euro-2016-300x151.jpg 300w, http:\/\/desarrollo.grupomedios.com\/futbol\/wp-content\/uploads\/2016\/06\/Iniesta-vs-croacia-euro-2016-768x386.jpg 768w, http:\/\/desarrollo.grupomedios.com\/futbol\/wp-content\/uploads\/2016\/06\/Iniesta-vs-croacia-euro-2016-340x171.jpg 340w\" sizes=\"(max-width: 858px) 100vw, 858px\" \/><\/p>\n<p><span style=\"color: #ff0000;\">39:00<\/span> | Centro de Srna por banda derecha e Iv\u00e1n Perisic remata de cabeza por arriba de la porter\u00eda de De Gea. 0-1<\/p>\n<p><span style=\"color: #ff0000;\">35:00<\/span> | Con el gol que acaba de anotar en este partido, \u00c1lvaro Morata ya marc\u00f3 su tercer gol y empata a Gareth Bale en la tabla de goleo de la Euro.<\/p>\n<blockquote class=\"twitter-tweet\" data-lang=\"es\"><p>M\u00e1ximos goleadores:<br \/>\nBale <a href=\"https:\/\/twitter.com\/hashtag\/WAL?src=hash\">#WAL<\/a>\u26bd\ufe0f\u26bd\ufe0f\u26bd\ufe0f<br \/>\nMorata <a href=\"https:\/\/twitter.com\/hashtag\/ESP?src=hash\">#ESP<\/a> \u26bd\ufe0f\u26bd\ufe0f\u26bd\ufe0f<br \/>\nPayet <a href=\"https:\/\/twitter.com\/hashtag\/FRA?src=hash\">#FRA<\/a> \u26bd\ufe0f\u26bd\ufe0f<br \/>\nStancu <a href=\"https:\/\/twitter.com\/hashtag\/ROU?src=hash\">#ROU<\/a> \u26bd\ufe0f\u26bd\ufe0f<br \/>\nLukaku <a href=\"https:\/\/twitter.com\/hashtag\/BEL?src=hash\">#BEL<\/a> \u26bd\ufe0f\u26bd\ufe0f <a href=\"https:\/\/twitter.com\/hashtag\/EURO2016?src=hash\">#EURO2016<\/a> <a href=\"https:\/\/t.co\/GgyJ9z1vXK\">pic.twitter.com\/GgyJ9z1vXK<\/a><\/p>\n<p>\u2014 UEFA.com en espa\u00f1ol (@UEFAcom_es) <a href=\"https:\/\/twitter.com\/UEFAcom_es\/status\/745334133983948800\">21 de junio de 2016<\/a><\/p><\/blockquote>\n<p><script src=\"\/\/platform.twitter.com\/widgets.js\" async=\"\" charset=\"utf-8\"><\/script><\/p>\n<p><span style=\"color: #ff0000;\">31:00<\/span> | Se cumplieron los primeros 30 minutos de partido. Espa\u00f1a vence 1-0 a Croacia y en el otro partido del Grupo D, Turqu\u00eda ya vence a la Rep\u00fablica Checa.<\/p>\n<blockquote class=\"twitter-tweet\" data-lang=\"es\"><p>\n\u00bfC\u00f3mo ha sido el octavo tanto de <a href=\"https:\/\/twitter.com\/yilmazburak17\">@yilmazburak17<\/a> en los \u00faltimos 11 partidos como internacional?<a href=\"https:\/\/twitter.com\/hashtag\/TUR?src=hash\">#TUR<\/a> <a href=\"https:\/\/twitter.com\/hashtag\/CZETUR?src=hash\">#CZETUR<\/a> <a href=\"https:\/\/t.co\/btlE7SEGON\">pic.twitter.com\/btlE7SEGON<\/a><\/p>\n<p>\u2014 UEFA.com en espa\u00f1ol (@UEFAcom_es) <a href=\"https:\/\/twitter.com\/UEFAcom_es\/status\/745337293515395073\">21 de junio de 2016<\/a>\n<\/p><\/blockquote>\n<p><script src=\"\/\/platform.twitter.com\/widgets.js\" async=\"\" charset=\"utf-8\"><\/script><\/p>\n<p><span style=\"color: #ff0000;\">29:00<\/span> \u00a0| Tenemos al primer amonestado del partido. Marco Rog ve la primera amarilla por los croatas tras una falta sobre F\u00e1bregas.<\/p>\n<p><span style=\"color: #ff0000;\">28: 00<\/span> | Centro de Andr\u00e9s Iniesta para Piqu\u00e9 y Subasic corta la pelota con un manotazo. Seguimos 0-1 con marcador para Espa\u00f1a.<\/p>\n<p><span style=\"color: #ff0000;\">27:00<\/span> | Adem\u00e1s de Silva, Cesc F\u00e1bregas tambi\u00e9n se ha encargado de comandar el ataque espa\u00f1ol.<\/p>\n<p><img decoding=\"async\" loading=\"lazy\" class=\"alignnone size-full wp-image-405266\" src=\"http:\/\/www.futboltotal.com.mx\/wp-content\/uploads\/2016\/06\/fabregas-espana-croacia.jpg\" alt=\"fabregas-espana-croacia\" srcset=\"http:\/\/desarrollo.grupomedios.com\/futbol\/wp-content\/uploads\/2016\/06\/fabregas-espana-croacia.jpg 858w, http:\/\/desarrollo.grupomedios.com\/futbol\/wp-content\/uploads\/2016\/06\/fabregas-espana-croacia-300x151.jpg 300w, http:\/\/desarrollo.grupomedios.com\/futbol\/wp-content\/uploads\/2016\/06\/fabregas-espana-croacia-768x386.jpg 768w, http:\/\/desarrollo.grupomedios.com\/futbol\/wp-content\/uploads\/2016\/06\/fabregas-espana-croacia-340x171.jpg 340w\" sizes=\"(max-width: 858px) 100vw, 858px\" \/><\/p>\n<p><span style=\"color: #ff0000;\">24:00<\/span> | \u00a1Falta sobre David Silva cerca del \u00e1rea! El <em>chino\u00a0<\/em>tendr\u00e1 oportunidad en un tiro libre directo.<\/p>\n<p><span style=\"color: #ff0000;\">22:00<\/span> | \u00a1Tiro de Silva y Subasic rechaza! La\u00a0<em>Furia Roja\u00a0<\/em>est\u00e1 buscando el segundo gol ante los croatas.<\/p>\n<p><span style=\"color: #ff0000;\">20:00<\/span> | Se cumplen los primeros 20 minutos y la Selecci\u00f3n Espa\u00f1ola sigue dominando el partido.<\/p>\n<p><span style=\"color: #ff0000;\">17:00<\/span> | Croacia sigue buscando pelotas a largas por la espalda de Piqu\u00e9 y Ramos, pero \u00e9stos est\u00e1n atentos y mandan a tiro de esquina-<\/p>\n<p><span style=\"color: #ff0000;\">13:00<\/span> | \u00a1Pooostee! Otra vez en la salida, ahora De Gea pierde el bal\u00f3n y Rakitic puso la pelota en el travesa\u00f1o.<\/p>\n<blockquote class=\"twitter-tweet\" data-lang=\"es\"><p><a href=\"https:\/\/twitter.com\/hashtag\/EurocopaEnTD?src=hash\">#EurocopaEnTD<\/a> \u00a1SE SALVA <a href=\"https:\/\/twitter.com\/hashtag\/ESP?src=hash\">#ESP<\/a>! Error defensivo que <a href=\"https:\/\/twitter.com\/hashtag\/CRO?src=hash\">#CRO<\/a> no aprovecha \u00a1EN VIVO! en TDcom <a href=\"https:\/\/t.co\/rKAeBXhcWR\">https:\/\/t.co\/rKAeBXhcWR<\/a> <a href=\"https:\/\/t.co\/D4bQqEBQMH\">https:\/\/t.co\/D4bQqEBQMH<\/a><\/p>\n<p>\u2014 Televisa Deportes (@TD_Deportes) <a href=\"https:\/\/twitter.com\/TD_Deportes\/status\/745334387034619904\">21 de junio de 2016<\/a><\/p><\/blockquote>\n<p><script src=\"\/\/platform.twitter.com\/widgets.js\" async=\"\" charset=\"utf-8\"><\/script><\/p>\n<p><span style=\"color: #ff0000;\">12:00<\/span> |\u00a0\u00a1Cerca Croacia! Los espa\u00f1oles pierden el bal\u00f3n en la salida, Kalinic dispara y De Gea manda a tiro de esquina.<\/p>\n<p><span style=\"color: #ff0000;\">9:00<\/span> | Otra vez se acerca Espa\u00f1a! Gran centro de Silva por izquierda y Nolito remata por un lado de la porter\u00eda de Subasic.<\/p>\n<p><span style=\"color: #ff0000;\">7:00<\/span>| \u00a1GOOOOOOOOL! Espa\u00f1a mete un golazo. Gran triangulaci\u00f3n entre David Silva y Cesc F\u00e1bregas que \u00c1lvaro Morata termina empujando. 1-0<\/p>\n<blockquote class=\"twitter-tweet\" data-lang=\"es\"><p>\n<a href=\"https:\/\/twitter.com\/hashtag\/EurocopaEnTD?src=hash\">#EurocopaEnTD<\/a> \u00a1GOOOOL DE <a href=\"https:\/\/twitter.com\/hashtag\/ESP?src=hash\">#ESP<\/a>! Morata marca el primero \u00a1EN VIVO! en TDcom <a href=\"https:\/\/t.co\/rKAeBXhcWR\">https:\/\/t.co\/rKAeBXhcWR<\/a> <a href=\"https:\/\/t.co\/FhiV8tNYsN\">https:\/\/t.co\/FhiV8tNYsN<\/a><\/p>\n<p>\u2014 Televisa Deportes (@TD_Deportes) <a href=\"https:\/\/twitter.com\/TD_Deportes\/status\/745332573505675265\">21 de junio de 2016<\/a>\n<\/p><\/blockquote>\n<p><script src=\"\/\/platform.twitter.com\/widgets.js\" async=\"\" charset=\"utf-8\"><\/script><\/p>\n<p><span style=\"color: #ff0000;\">6:00<\/span> | Sigue buscando Croacia. Srna se incorpora por la banda derecha y mete un disparo que se va por arriba de la porter\u00eda espa\u00f1ola.<\/p>\n<p><span style=\"color: #ff0000;\">3:00<\/span> | \u00a1Primera jugada para Croacia! Piqu\u00e9 rechaza el bal\u00f3n hacia atr\u00e1s pero De Gea sale a tiempo para tomar el bal\u00f3n ante la llegada de Mandzukic.<\/p>\n<p><span style=\"color: #ff0000;\">0:01<\/span>\u00a0| \u00a1Comienza el partido! Croacia y Espa\u00f1a se juegan el liderato del Grupo D En Bordeaux.<\/p>\n<blockquote class=\"twitter-tweet\" data-lang=\"es\"><p><a href=\"https:\/\/twitter.com\/hashtag\/MeLatenLasCopas?src=hash\">#MeLatenLasCopas<\/a> <a href=\"https:\/\/twitter.com\/hashtag\/CRO?src=hash\">#CRO<\/a> 0-0 <a href=\"https:\/\/twitter.com\/hashtag\/ESP?src=hash\">#ESP<\/a><a href=\"https:\/\/twitter.com\/hashtag\/EURO2016?src=hash\">#EURO2016<\/a>: \u00a1Arrancan las acciones del Grupo D!<br \/>\n<a href=\"https:\/\/t.co\/ezYmOyRZSA\">https:\/\/t.co\/ezYmOyRZSA<\/a><\/p>\n<p>\u2014 futaztecadeportes (@futaztecadep) <a href=\"https:\/\/twitter.com\/futaztecadep\/status\/745331438711562241\">21 de junio de 2016<\/a><\/p><\/blockquote>\n<p><script src=\"\/\/platform.twitter.com\/widgets.js\" async=\"\" charset=\"utf-8\"><\/script><\/p>\n<p><span style=\"color: #ff0000;\">0:00<\/span> | Compa\u00f1eros en el Barcelona, rivales del d\u00eda de hoy. As\u00ed los compara la UEFA, \u00bfqui\u00e9n marcar\u00e1 m\u00e1s diferencia?<\/p>\n<blockquote class=\"twitter-tweet\" data-lang=\"es\"><p>\nIvan Rakiti\u0107 &amp; Andr\u00e9s Iniesta: head-to-head&#8230;<br \/>\n Check out the <a href=\"https:\/\/twitter.com\/hashtag\/EURO2016?src=hash\">#EURO2016<\/a> player rankings: <a href=\"https:\/\/t.co\/vychFFrSqp\">https:\/\/t.co\/vychFFrSqp<\/a> <a href=\"https:\/\/t.co\/qC4CukG8bO\">pic.twitter.com\/qC4CukG8bO<\/a><\/p>\n<p>\u2014 UEFA EURO 2016 (@UEFAEURO) <a href=\"https:\/\/twitter.com\/UEFAEURO\/status\/745328023545712640\">21 de junio de 2016<\/a>\n<\/p><\/blockquote>\n<p><script src=\"\/\/platform.twitter.com\/widgets.js\" async=\"\" charset=\"utf-8\"><\/script><\/p>\n<p><span style=\"color: #ff0000;\">0:00<\/span> | Se entonan los himnos nacionales. Primero suena el de Espa\u00f1a.<\/p>\n<p><img decoding=\"async\" loading=\"lazy\" class=\"alignnone size-full wp-image-405238\" src=\"http:\/\/www.futboltotal.com.mx\/wp-content\/uploads\/2016\/06\/Croacia-vs-Espana.jpg\" alt=\"Croacia-vs-Espana\" srcset=\"http:\/\/desarrollo.grupomedios.com\/futbol\/wp-content\/uploads\/2016\/06\/Croacia-vs-Espana.jpg 858w, http:\/\/desarrollo.grupomedios.com\/futbol\/wp-content\/uploads\/2016\/06\/Croacia-vs-Espana-300x151.jpg 300w, http:\/\/desarrollo.grupomedios.com\/futbol\/wp-content\/uploads\/2016\/06\/Croacia-vs-Espana-768x386.jpg 768w, http:\/\/desarrollo.grupomedios.com\/futbol\/wp-content\/uploads\/2016\/06\/Croacia-vs-Espana-340x171.jpg 340w\" sizes=\"(max-width: 858px) 100vw, 858px\" \/><\/p>\n<p><span style=\"color: #ff0000;\">0:00<\/span> | Esta es la alineaci\u00f3n de Espa\u00f1a, que repite el mismo 11 que jug\u00f3 en la victoria ante Turqu\u00eda.<\/p>\n<blockquote class=\"twitter-tweet\" data-lang=\"es\"><p>.<a href=\"https:\/\/twitter.com\/SeFutbol\">@SeFutbol<\/a> name the same team which beat Turkey. <a href=\"https:\/\/twitter.com\/hashtag\/EURO2016?src=hash\">#EURO2016<\/a> <a href=\"https:\/\/t.co\/50caJuJz6p\">https:\/\/t.co\/50caJuJz6p<\/a> <a href=\"https:\/\/t.co\/WioRNH1XSl\">pic.twitter.com\/WioRNH1XSl<\/a><\/p>\n<p>\u2014 UEFA EURO 2016 (@UEFAEURO) <a href=\"https:\/\/twitter.com\/UEFAEURO\/status\/745320619001135104\">21 de junio de 2016<\/a><\/p><\/blockquote>\n<p><script src=\"\/\/platform.twitter.com\/widgets.js\" async=\"\" charset=\"utf-8\"><\/script><\/p>\n<p><span style=\"color: #ff0000;\">0:00<\/span> | Listos los 11 de Croacia. Mateo Kovacic sustituir\u00e1 al lesionado Luka Modric.<\/p>\n<blockquote class=\"twitter-tweet\" data-lang=\"es\"><p>\nKalini\u0107 comes in for <a href=\"https:\/\/twitter.com\/HNS_CFF\">@HNS_CFF<\/a>.<a href=\"https:\/\/twitter.com\/hashtag\/EURO2016?src=hash\">#EURO2016<\/a> <a href=\"https:\/\/t.co\/50caJuJz6p\">https:\/\/t.co\/50caJuJz6p<\/a> <a href=\"https:\/\/t.co\/U6rk3C3HPU\">pic.twitter.com\/U6rk3C3HPU<\/a><\/p>\n<p>\u2014 UEFA EURO 2016 (@UEFAEURO) <a href=\"https:\/\/twitter.com\/UEFAEURO\/status\/745323805908811776\">21 de junio de 2016<\/a>\n<\/p><\/blockquote>\n<p><script src=\"\/\/platform.twitter.com\/widgets.js\" async=\"\" charset=\"utf-8\"><\/script><\/p>\n<p><span style=\"color: #ff0000;\">0:00<\/span> | La Selecci\u00f3n espa\u00f1ola ya se encuentra calentando en el c\u00e9sped del Stade de Burdeaux<\/p>\n<p><img decoding=\"async\" loading=\"lazy\" class=\"alignnone size-full wp-image-405226\" src=\"http:\/\/www.futboltotal.com.mx\/wp-content\/uploads\/2016\/06\/EN-VIVO-CROACIA-VS-ESPANA-EURO2016.jpg\" alt=\"EN-VIVO-CROACIA-VS-ESPANA-EURO2016\" srcset=\"http:\/\/desarrollo.grupomedios.com\/futbol\/wp-content\/uploads\/2016\/06\/EN-VIVO-CROACIA-VS-ESPANA-EURO2016.jpg 858w, http:\/\/desarrollo.grupomedios.com\/futbol\/wp-content\/uploads\/2016\/06\/EN-VIVO-CROACIA-VS-ESPANA-EURO2016-300x151.jpg 300w, http:\/\/desarrollo.grupomedios.com\/futbol\/wp-content\/uploads\/2016\/06\/EN-VIVO-CROACIA-VS-ESPANA-EURO2016-768x386.jpg 768w, http:\/\/desarrollo.grupomedios.com\/futbol\/wp-content\/uploads\/2016\/06\/EN-VIVO-CROACIA-VS-ESPANA-EURO2016-340x171.jpg 340w\" sizes=\"(max-width: 858px) 100vw, 858px\" \/><\/p>\n<p><strong>Espa\u00f1a<\/strong> y<strong> Croacia<\/strong>, selecciones con buen paladar en su gusto futbol\u00edstico, protagonizar\u00e1n en Burdeos un pulso por la primera plaza del Grupo D, para el que el t\u00e9cnico espa\u00f1ol, Vicente del Bosque, medita retoques en determinadas posiciones.<\/p>\n<p>Con la clasificaci\u00f3n a octavos de final firmada por Espa\u00f1a, una indeseada derrota ocho a\u00f1os despu\u00e9s pondr\u00eda la amenaza de Italia en el horizonte.<\/p>\n<p style=\"text-align: center;\"><span style=\"color: #3366ff;\"><strong><a style=\"color: #3366ff;\" href=\"http:\/\/www.futboltotal.com.mx\/eurocopa-2016\/\">LEER M\u00c1S: Todas las noticias de la Eurocopa<\/a><\/strong><\/span><\/p>\n<div id=\"attachment_404577\" style=\"width: 868px\" class=\"wp-caption alignnone\"><a href=\"http:\/\/www.futboltotal.com.mx\/wp-content\/uploads\/2016\/06\/EN-VIVO-ESPANA-VS-TURQUIA-EURO2016.jpg\" rel=\"attachment wp-att-404577\"><img aria-describedby=\"caption-attachment-404577\" decoding=\"async\" loading=\"lazy\" class=\"wp-image-404577 size-full\" src=\"http:\/\/www.futboltotal.com.mx\/wp-content\/uploads\/2016\/06\/EN-VIVO-ESPANA-VS-TURQUIA-EURO2016.jpg\" alt=\"EN-VIVO-ESPANA-VS-TURQUIA-EURO2016\" srcset=\"http:\/\/desarrollo.grupomedios.com\/futbol\/wp-content\/uploads\/2016\/06\/EN-VIVO-ESPANA-VS-TURQUIA-EURO2016.jpg 858w, http:\/\/desarrollo.grupomedios.com\/futbol\/wp-content\/uploads\/2016\/06\/EN-VIVO-ESPANA-VS-TURQUIA-EURO2016-300x151.jpg 300w, http:\/\/desarrollo.grupomedios.com\/futbol\/wp-content\/uploads\/2016\/06\/EN-VIVO-ESPANA-VS-TURQUIA-EURO2016-768x386.jpg 768w, http:\/\/desarrollo.grupomedios.com\/futbol\/wp-content\/uploads\/2016\/06\/EN-VIVO-ESPANA-VS-TURQUIA-EURO2016-340x171.jpg 340w\" sizes=\"(max-width: 858px) 100vw, 858px\" \/><\/a><p id=\"caption-attachment-404577\" class=\"wp-caption-text\">La Roja celebra la goleada a Turqu\u00eda que le permiti\u00f3 ser l\u00edder del Grupo D.<\/p><\/div>\n<p>Espa\u00f1a vuelve a enamorar en Francia.\u00a0El estreno con buen f\u00fatbol pero corto resultado ante la Rep\u00fablica Checa (1-0) dio paso a una exhibici\u00f3n de <em>la Roja<\/em> ante Turqu\u00eda (3-0), donde fulmin\u00f3 cualquier debate que se pudiese crear con doblete de \u00c1lvaro Morata y la magia de Nolito.<\/p>\n<p>Con el pase a octavos sellado, cobra m\u00e1s importancia de la que al inicio se pensaba quedar primero de grupo. Italia ya lo es matem\u00e1ticamente del suyo, podr\u00e1 rotar en la tercera jornada y llegar como un tiro a octavos. Espa\u00f1a si pierde o a Croacia si no gana. Ambas selecciones quieren evitarlo.<\/p>\n<div id=\"attachment_404534\" style=\"width: 868px\" class=\"wp-caption alignnone\"><a href=\"http:\/\/www.futboltotal.com.mx\/wp-content\/uploads\/2016\/06\/EN-VIVO-Rep-Checa-Croacia-Euro.jpg\" rel=\"attachment wp-att-404534\"><img aria-describedby=\"caption-attachment-404534\" decoding=\"async\" loading=\"lazy\" class=\"wp-image-404534 size-full\" src=\"http:\/\/www.futboltotal.com.mx\/wp-content\/uploads\/2016\/06\/EN-VIVO-Rep-Checa-Croacia-Euro.jpg\" alt=\"EN-VIVO-Rep-Checa-Croacia-Euro\" srcset=\"http:\/\/desarrollo.grupomedios.com\/futbol\/wp-content\/uploads\/2016\/06\/EN-VIVO-Rep-Checa-Croacia-Euro.jpg 858w, http:\/\/desarrollo.grupomedios.com\/futbol\/wp-content\/uploads\/2016\/06\/EN-VIVO-Rep-Checa-Croacia-Euro-300x151.jpg 300w, http:\/\/desarrollo.grupomedios.com\/futbol\/wp-content\/uploads\/2016\/06\/EN-VIVO-Rep-Checa-Croacia-Euro-768x386.jpg 768w, http:\/\/desarrollo.grupomedios.com\/futbol\/wp-content\/uploads\/2016\/06\/EN-VIVO-Rep-Checa-Croacia-Euro-340x171.jpg 340w\" sizes=\"(max-width: 858px) 100vw, 858px\" \/><\/a><p id=\"caption-attachment-404534\" class=\"wp-caption-text\">Luka Modric no estar\u00e1 disponible, pues se lesion\u00f3 ante Rep\u00fablica Checa.<\/p><\/div>\n<p>&nbsp;<\/p>\n<p>Por su parte, Croacia no se cierra a luchar por el liderato del grupo para conseguir un cruce m\u00e1s sencillo en los octavos de final. Aunque todav\u00eda no est\u00e1 clasificada matem\u00e1ticamente, solo una carambola echar\u00eda al conjunto balc\u00e1nico de la Eurocopa, pues tiene asegurado el tercer puesto con cuatro puntos y muy mal se le tendr\u00edan que dar las cosas para no ser uno de los mejores terceros que logren un billete hacia octavos.<\/p>\n<p>Croacia tuvo\u00a0estreno victorioso ante Turqu\u00eda y ante Rep\u00fablica Checa dej\u00f3 escapara una ventaja de dos goles y termin\u00f3 regalan el empate. En este cotejo deber\u00e1 no estar\u00e1\u00a0Luka Modric, quien sufri\u00f3 un desgarro en un aductor frente a los checos, y una est\u00e1 en duda el delantero Mario Mandzukic, lesionado en el mismo duelo.\u00a0Adem\u00e1s, el defensa central Vedran Corluka podr\u00eda descansar para que la brecha de su cabeza se cierre por completo y estar al cien por cien f\u00edsicamente en los octavos de final.<\/p>\n<p>&nbsp;<\/p>\n","protected":false},"excerpt":{"rendered":"<p>Ambas selecciones chocan por el primer lugar del Grupo D <\/p>\n","protected":false},"author":20,"featured_media":405332,"comment_status":"closed","ping_status":"closed","sticky":false,"template":"","format":"standard","meta":[],"categories":[6995,3839,6999],"tags":[1393,253,2236],"_links":{"self":[{"href":"http:\/\/desarrollo.grupomedios.com\/futbol\/wp-json\/wp\/v2\/posts\/405134"}],"collection":[{"href":"http:\/\/desarrollo.grupomedios.com\/futbol\/wp-json\/wp\/v2\/posts"}],"about":[{"href":"http:\/\/desarrollo.grupomedios.com\/futbol\/wp-json\/wp\/v2\/types\/post"}],"author":[{"embeddable":true,"href":"http:\/\/desarrollo.grupomedios.com\/futbol\/wp-json\/wp\/v2\/users\/20"}],"replies":[{"embeddable":true,"href":"http:\/\/desarrollo.grupomedios.com\/futbol\/wp-json\/wp\/v2\/comments?post=405134"}],"version-history":[{"count":0,"href":"http:\/\/desarrollo.grupomedios.com\/futbol\/wp-json\/wp\/v2\/posts\/405134\/revisions"}],"wp:featuredmedia":[{"embeddable":true,"href":"http:\/\/desarrollo.grupomedios.com\/futbol\/wp-json\/wp\/v2\/media\/405332"}],"wp:attachment":[{"href":"http:\/\/desarrollo.grupomedios.com\/futbol\/wp-json\/wp\/v2\/media?parent=405134"}],"wp:term":[{"taxonomy":"category","embeddable":true,"href":"http:\/\/desarrollo.grupomedios.com\/futbol\/wp-json\/wp\/v2\/categories?post=405134"},{"taxonomy":"post_tag","embeddable":true,"href":"http:\/\/desarrollo.grupomedios.com\/futbol\/wp-json\/wp\/v2\/tags?post=405134"}],"curies":[{"name":"wp","href":"https:\/\/api.w.org\/{rel}","templated":true}]}}