{"id":405143,"date":"2016-06-21T13:15:15","date_gmt":"2016-06-21T19:15:15","guid":{"rendered":"http:\/\/www.futboltotal.com.mx\/?p=405143"},"modified":"2016-06-21T13:57:41","modified_gmt":"2016-06-21T19:57:41","slug":"chivas-tv-inicia-1-julio-funcionara-al-estilo-netflix","status":"publish","type":"post","link":"http:\/\/desarrollo.grupomedios.com\/futbol\/destacado-home\/chivas-tv-inicia-1-julio-funcionara-al-estilo-netflix\/2016\/06","title":{"rendered":"Chivas TV arranca el 1 de julio"},"content":{"rendered":"<p>Hace unos d\u00edas, Jos\u00e9 Luis Higuera hab\u00eda dado a conocer, que<strong> Chivas TV<\/strong> llegar\u00eda a los usuarios, mediante diversos paquetes, y ahora se confirma tambi\u00e9n, c\u00f3mo ser\u00e1 la plataforma del servicio del <a href=\"http:\/\/www.futboltotal.com.mx\/equipos\/guadalajara\/\" target=\"_blank\">Club Guadalajara<\/a>, el cual funcionar\u00e1, de forma parecida a Netflix.<\/p>\n<p><strong>Chivas TV<\/strong> tendr\u00e1 todos los partidos de local del Guadalajara, los entrenamientos del equipo, las conferencias de prensa y algunas entrevistas realizadas por el club a los jugadores, cuerpo t\u00e9cnico y directiva. Todas estas opciones estar\u00e1n disponibles, dependiendo del paquete que se adquiera, de la aplicaci\u00f3n del <em>Reba\u00f1o Sagrado<\/em>.<\/p>\n<p style=\"text-align: center;\"><span style=\"color: #3366ff;\"><strong><a style=\"color: #3366ff;\" href=\"http:\/\/www.futboltotal.com.mx\/2016\/06\/giovani-dos-santos-llegaria-a-pumas\/\" target=\"_blank\">LEER M\u00c1S: Giovani dos Santos llegar\u00eda a Pumas<\/a><\/strong><\/span><\/p>\n<p>El servicio arranca el 1 de julio y a partir de entonces, <strong>Chivas TV<\/strong> estar\u00e1 disponible en tel\u00e9fonos celulares y en tabletas; adem\u00e1s, buscan que en enero de 2017, ya se pueda ver en las consolas Xbox y PlayStation.<\/p>\n<p>El sitio <a href=\"http:\/\/www.chivastv.mx\/\" target=\"_blank\">http:\/\/www.chivastv.mx\/<\/a>, ya puso disponible un video de presentaci\u00f3n para el d\u00eda del inicio del servicio del conjunto <em>rojiblanco<\/em>. El provecto est\u00e1 a cargo de Amaury Vergara, hijo del due\u00f1o del <em>Reba\u00f1o Sagrado<\/em>.<\/p>\n<p><a href=\"http:\/\/www.futboltotal.com.mx\/wp-content\/uploads\/2016\/06\/chivas-tv-.jpg\" rel=\"attachment wp-att-405145\"><img decoding=\"async\" loading=\"lazy\" class=\"alignnone size-full wp-image-405145\" src=\"http:\/\/www.futboltotal.com.mx\/wp-content\/uploads\/2016\/06\/chivas-tv-.jpg\" alt=\"chivas-tv-\" srcset=\"http:\/\/desarrollo.grupomedios.com\/futbol\/wp-content\/uploads\/2016\/06\/chivas-tv-.jpg 858w, http:\/\/desarrollo.grupomedios.com\/futbol\/wp-content\/uploads\/2016\/06\/chivas-tv--300x151.jpg 300w, http:\/\/desarrollo.grupomedios.com\/futbol\/wp-content\/uploads\/2016\/06\/chivas-tv--768x386.jpg 768w, http:\/\/desarrollo.grupomedios.com\/futbol\/wp-content\/uploads\/2016\/06\/chivas-tv--340x171.jpg 340w\" sizes=\"(max-width: 858px) 100vw, 858px\" \/><\/a><\/p>\n","protected":false},"excerpt":{"rendered":"<p>El servicio funcionar\u00e1 al estilo Netflix<\/p>\n","protected":false},"author":20,"featured_media":405146,"comment_status":"closed","ping_status":"closed","sticky":false,"template":"","format":"standard","meta":[],"categories":[5,2198,3845],"tags":[70,7110],"_links":{"self":[{"href":"http:\/\/desarrollo.grupomedios.com\/futbol\/wp-json\/wp\/v2\/posts\/405143"}],"collection":[{"href":"http:\/\/desarrollo.grupomedios.com\/futbol\/wp-json\/wp\/v2\/posts"}],"about":[{"href":"http:\/\/desarrollo.grupomedios.com\/futbol\/wp-json\/wp\/v2\/types\/post"}],"author":[{"embeddable":true,"href":"http:\/\/desarrollo.grupomedios.com\/futbol\/wp-json\/wp\/v2\/users\/20"}],"replies":[{"embeddable":true,"href":"http:\/\/desarrollo.grupomedios.com\/futbol\/wp-json\/wp\/v2\/comments?post=405143"}],"version-history":[{"count":0,"href":"http:\/\/desarrollo.grupomedios.com\/futbol\/wp-json\/wp\/v2\/posts\/405143\/revisions"}],"wp:featuredmedia":[{"embeddable":true,"href":"http:\/\/desarrollo.grupomedios.com\/futbol\/wp-json\/wp\/v2\/media\/405146"}],"wp:attachment":[{"href":"http:\/\/desarrollo.grupomedios.com\/futbol\/wp-json\/wp\/v2\/media?parent=405143"}],"wp:term":[{"taxonomy":"category","embeddable":true,"href":"http:\/\/desarrollo.grupomedios.com\/futbol\/wp-json\/wp\/v2\/categories?post=405143"},{"taxonomy":"post_tag","embeddable":true,"href":"http:\/\/desarrollo.grupomedios.com\/futbol\/wp-json\/wp\/v2\/tags?post=405143"}],"curies":[{"name":"wp","href":"https:\/\/api.w.org\/{rel}","templated":true}]}}