{"id":405162,"date":"2016-06-21T13:29:58","date_gmt":"2016-06-21T19:29:58","guid":{"rendered":"http:\/\/www.futboltotal.com.mx\/?p=405162"},"modified":"2016-06-21T20:27:22","modified_gmt":"2016-06-22T02:27:22","slug":"zlatan-anuncio-retiro-la-seleccion-sueca","status":"publish","type":"post","link":"http:\/\/desarrollo.grupomedios.com\/futbol\/destacado-home\/zlatan-anuncio-retiro-la-seleccion-sueca\/2016\/06","title":{"rendered":"Zlatan anunci\u00f3 su retiro de la selecci\u00f3n sueca"},"content":{"rendered":"<p>El delantro y estrella sueca, <strong>Zlatan Ibrahimovic<\/strong>, anunci\u00f3 su retiro de la Selecci\u00f3n despu\u00e9s de que Suecia dispute su \u00faltimo partido en la Eurocopa 2016 que se disputa en Francia, y adem\u00e1s confirm\u00f3 su ausencia en los pr\u00f3ximos Juegos Ol\u00edmpicos de R\u00edo 2016.<\/p>\n<p>&#8220;Mi \u00faltimo partido en la <strong>Eurocopa<\/strong> ser\u00e1 mi \u00faltimo partido con <strong>Suecia<\/strong>. No voy a ir a los Juegos Ol\u00edmpicos&#8221;, confes\u00f3 <strong>Zlatan<\/strong>, que podr\u00eda disputar su \u00faltimo partido ante B\u00e9lgica y quedar fuera de los Octavos de Final de la m\u00e1xima competencia europea.<\/p>\n<p><strong>Ibrahimovic<\/strong>\u00a0de 34 a\u00f1os, a\u00fan no confiesa a qu\u00e9 equipo se ir\u00e1 para jugar la pr\u00f3xima temporada, pero ya anunci\u00f3 su \u00faltimo partido con su selecci\u00f3n despu\u00e9s de que debutar\u00e1 en un amistoso en el a\u00f1o 2001.<\/p>\n<p><iframe loading=\"lazy\" src=\"https:\/\/www.youtube.com\/embed\/DDbOmp9_Nn4\" frameborder=\"0\" allowfullscreen=\"allowfullscreen\"><\/iframe><\/p>\n","protected":false},"excerpt":{"rendered":"<p>Tambi\u00e9n anunci\u00f3 que no participar\u00e1 en los Juegos Ol\u00edmpicos<\/p>\n","protected":false},"author":20,"featured_media":405164,"comment_status":"closed","ping_status":"closed","sticky":false,"template":"","format":"standard","meta":[],"categories":[5,6995,3839],"tags":[2236,849,6059],"_links":{"self":[{"href":"http:\/\/desarrollo.grupomedios.com\/futbol\/wp-json\/wp\/v2\/posts\/405162"}],"collection":[{"href":"http:\/\/desarrollo.grupomedios.com\/futbol\/wp-json\/wp\/v2\/posts"}],"about":[{"href":"http:\/\/desarrollo.grupomedios.com\/futbol\/wp-json\/wp\/v2\/types\/post"}],"author":[{"embeddable":true,"href":"http:\/\/desarrollo.grupomedios.com\/futbol\/wp-json\/wp\/v2\/users\/20"}],"replies":[{"embeddable":true,"href":"http:\/\/desarrollo.grupomedios.com\/futbol\/wp-json\/wp\/v2\/comments?post=405162"}],"version-history":[{"count":0,"href":"http:\/\/desarrollo.grupomedios.com\/futbol\/wp-json\/wp\/v2\/posts\/405162\/revisions"}],"wp:featuredmedia":[{"embeddable":true,"href":"http:\/\/desarrollo.grupomedios.com\/futbol\/wp-json\/wp\/v2\/media\/405164"}],"wp:attachment":[{"href":"http:\/\/desarrollo.grupomedios.com\/futbol\/wp-json\/wp\/v2\/media?parent=405162"}],"wp:term":[{"taxonomy":"category","embeddable":true,"href":"http:\/\/desarrollo.grupomedios.com\/futbol\/wp-json\/wp\/v2\/categories?post=405162"},{"taxonomy":"post_tag","embeddable":true,"href":"http:\/\/desarrollo.grupomedios.com\/futbol\/wp-json\/wp\/v2\/tags?post=405162"}],"curies":[{"name":"wp","href":"https:\/\/api.w.org\/{rel}","templated":true}]}}