{"id":405173,"date":"2016-06-21T13:29:24","date_gmt":"2016-06-21T19:29:24","guid":{"rendered":"http:\/\/www.futboltotal.com.mx\/?p=405173"},"modified":"2016-06-21T17:40:28","modified_gmt":"2016-06-21T23:40:28","slug":"en-vivo-irlanda-del-norte-vs-alemania-eurocopa-2016","status":"publish","type":"post","link":"http:\/\/desarrollo.grupomedios.com\/futbol\/futbol-internacional\/en-vivo-irlanda-del-norte-vs-alemania-eurocopa-2016\/2016\/06","title":{"rendered":"AS\u00cd SE VIVI\u00d3 |\u00a0Irlanda del Norte 0-1 Alemania |\u00a0Euro 2016"},"content":{"rendered":"<p><a class=\"twitter-timeline\" href=\"https:\/\/twitter.com\/search?q=from%3A%40UEFAcom_es%2C%20OR%20from%3A%40DFB_Team_ES\" data-widget-id=\"744933167241404417\">Tweets sobre from:@UEFAcom_es, OR from:@DFB_Team_ES<\/a><br \/>\n<script>\/\/ <![CDATA[\n!function(d,s,id){var js,fjs=d.getElementsByTagName(s)[0],p=\/^http:\/.test(d.location)?'http':'https';if(!d.getElementById(id)){js=d.createElement(s);js.id=id;js.src=p+\":\/\/platform.twitter.com\/widgets.js\";fjs.parentNode.insertBefore(js,fjs);}}(document,\"script\",\"twitter-wjs\");\n\/\/ ]]><\/script><\/p>\n<p>Alemania, gran favorita al t\u00edtulo al inicio de la Eurocopa, intentar\u00e1 ma\u00f1ana despejar dudas de cara a porter\u00eda frente a Irlanda del Norte, el equipo revelaci\u00f3n de un Grupo C en el que Polonia tambi\u00e9n pugna por el liderato y donde la \u00fanica certeza es que Ucrania est\u00e1 matem\u00e1ticamente eliminada.<\/p>\n<p>A falta de la tercera y \u00faltima jornada, la clasificaci\u00f3n sit\u00faa a Alemania como l\u00edder provisional (4 puntos) empatada con Polonia (4 puntos), seguidas de Irlanda del Norte (3 puntos) y Ucrania (0 puntos).<\/p>\n<p>Un simple empate ante los humildes norirlandeses les bastar\u00eda a los campeones del mundo para certificar la clasificaci\u00f3n, pero una sorpresiva derrota germana combinada con una victoria o empate de Polonia ante Ucrania dejar\u00eda a Alemania fuera del torneo.<\/p>\n<p>Tan abierta est\u00e1 la clasificaci\u00f3n que la propia Irlanda del Norte opta a la primera plaza y los de Joachim L\u00f6w incluso tendr\u00e1n que mirar de reojo al duelo entre Polonia y Ucrania en caso de sumar uno o tres puntos.<\/p>\n<p>Tras el empate a cero entre Alemania y Polonia, la diferencia de goles ser\u00e1 la que decida la cabeza del grupo en caso de igualdad de puntos. Alemania, no obstante, parte con ventaja en ese ep\u00edgrafe (+2 de los germanos frente a +1 de los polacos).<\/p>\n<p>Tambi\u00e9n es posible que quien acabe tercero en el grupo logre el pase a octavos pues solo 8 de las 24 selecciones quedar\u00e1n descartadas en la liguilla y se clasificar\u00e1n los primeros y segundos de cada grupo y los 4 mejores terceros.<\/p>\n<p>Ante un grupo tan abierto, lo \u00fanico seguro es que el orden lo pondr\u00e1n los goles, de forma que las miradas estar\u00e1n puestas en la delantera alemana, menos incisiva en el arranque de la competici\u00f3n de lo que se pod\u00eda esperar de los jugadores que hace dos a\u00f1os le hicieron un 7-1 a Brasil en las semifinales de su Mundial.<\/p>\n<p>El falso nueve alem\u00e1n Thomas M\u00fcller, ineficaz en los dos primeros partidos con su selecci\u00f3n, ha reconocido que los engranajes del ataque no terminan de funcionar, a pesar de contar con estiletes como el propio M\u00fcller, Drexler, G\u00f6tze, Gomez o Schweinsteiger.<\/p>\n<p>&#8220;Tenemos algunos problemas en ataque. Desde ese punto de vista, las cr\u00edticas pueden estar justificadas&#8221; pero &#8220;hay que mantener la calma, sino nos volveremos locos. Evidentemente nos gustar\u00eda crear m\u00e1s ocasiones y vamos a trabajar en ello para encontrar soluciones&#8221;, lanz\u00f3 el astro alem\u00e1n del Bayern M\u00fanich.<\/p>\n<p>Frente a una Alemania poderosa en horas bajas se dar\u00e1 cita en el Estadio de Francia de Saint Denis la desconocida Irlanda del Norte, una selecci\u00f3n que nunca se hab\u00eda clasificado para una Eurocopa, aunque s\u00ed hab\u00eda disputado el de Espa\u00f1a 1982 y el de Mundial de Suecia 1958, donde lleg\u00f3 hasta los cuartos de final.<\/p>\n<p>Solo un pu\u00f1ado de sus futbolistas juega en ligas de primer nivel, como McNair (Manchester United), Davis (Southampton) o Dallas (Leeds), todos en la Premier inglesa, y Will Grigg, que no ha disputado un solo minuto en la competici\u00f3n, se ha convertido en la estrella norirlandesa de la Eurocopa gracias a un pegadizo himno cambiando el tema &#8220;Freed From Desire&#8221; por &#8220;Will Grigg&#8217;s On Fire&#8221;, en honor al delantero del Wigan Athletic.<\/p>\n<p>Si en el primer partido ante Polonia los de Michael O&#8217;Neill arrojaron al campo un f\u00fatbol tosco y romo, el t\u00e9cnico introdujo cinco cambios de cara al segundo partido contra Ucrania que se demostraron eficaces (0-2), con lo que puede esperarse que mantenga el once inicial de esa victoria, rubricada con goles de McAuley y McGinn.<\/p>\n<p>Su estrella, el delantero del Norwich Kyle Lafferty que firm\u00f3 casi el 40 % de los goles que hicieron que Irlanda del Norte llegara a la Eurocopa como primera de su grupo de clasificaci\u00f3n, a\u00fan no ha marcado en Francia.<\/p>\n<p>Los jugadores de Irlanda del Norte pueden ofrecer ma\u00f1ana a esa peque\u00f1a naci\u00f3n de menos de dos millones de habitantes y capital en Belfast una clasificaci\u00f3n hist\u00f3rica para un equipo que hac\u00eda 30 a\u00f1os que no disputaba la fase final de un campeonato internacional.<\/p>\n","protected":false},"excerpt":{"rendered":"<p>Se juegan el Irlanda vs. Alemania y el Ucrania vs. Polonia<\/p>\n","protected":false},"author":20,"featured_media":405201,"comment_status":"closed","ping_status":"closed","sticky":false,"template":"","format":"standard","meta":[],"categories":[6995,3839,6999],"tags":[6000,6152,3361],"_links":{"self":[{"href":"http:\/\/desarrollo.grupomedios.com\/futbol\/wp-json\/wp\/v2\/posts\/405173"}],"collection":[{"href":"http:\/\/desarrollo.grupomedios.com\/futbol\/wp-json\/wp\/v2\/posts"}],"about":[{"href":"http:\/\/desarrollo.grupomedios.com\/futbol\/wp-json\/wp\/v2\/types\/post"}],"author":[{"embeddable":true,"href":"http:\/\/desarrollo.grupomedios.com\/futbol\/wp-json\/wp\/v2\/users\/20"}],"replies":[{"embeddable":true,"href":"http:\/\/desarrollo.grupomedios.com\/futbol\/wp-json\/wp\/v2\/comments?post=405173"}],"version-history":[{"count":0,"href":"http:\/\/desarrollo.grupomedios.com\/futbol\/wp-json\/wp\/v2\/posts\/405173\/revisions"}],"wp:featuredmedia":[{"embeddable":true,"href":"http:\/\/desarrollo.grupomedios.com\/futbol\/wp-json\/wp\/v2\/media\/405201"}],"wp:attachment":[{"href":"http:\/\/desarrollo.grupomedios.com\/futbol\/wp-json\/wp\/v2\/media?parent=405173"}],"wp:term":[{"taxonomy":"category","embeddable":true,"href":"http:\/\/desarrollo.grupomedios.com\/futbol\/wp-json\/wp\/v2\/categories?post=405173"},{"taxonomy":"post_tag","embeddable":true,"href":"http:\/\/desarrollo.grupomedios.com\/futbol\/wp-json\/wp\/v2\/tags?post=405173"}],"curies":[{"name":"wp","href":"https:\/\/api.w.org\/{rel}","templated":true}]}}