{"id":405179,"date":"2016-06-21T14:45:32","date_gmt":"2016-06-21T20:45:32","guid":{"rendered":"http:\/\/www.futboltotal.com.mx\/?p=405179"},"modified":"2016-06-21T15:19:47","modified_gmt":"2016-06-21T21:19:47","slug":"raul-ruidiaz-acepta-metio-gol-la-mano-a-brasil","status":"publish","type":"post","link":"http:\/\/desarrollo.grupomedios.com\/futbol\/futbol-internacional\/raul-ruidiaz-acepta-metio-gol-la-mano-a-brasil\/2016\/06","title":{"rendered":"Confieso, anot\u00e9 con la mano: Ruid\u00edaz"},"content":{"rendered":"<p>El futbolista peruano, <strong>Ra\u00fal Ruid\u00edaz<\/strong>, quien marc\u00f3 el gol decisivo en el encuentro de Fase de Grupos entre Brasil y Per\u00fa, de la <strong>Copa Am\u00e9rica Centenario<\/strong>; confes\u00f3 que s\u00ed meti\u00f3 la anotaci\u00f3n con la mano, a pesar de que antes lo neg\u00f3.<\/p>\n<p><strong>Ra\u00fal Ruid\u00edaz<\/strong> neg\u00f3 que haya sido una jugada con intenci\u00f3n antideportiva, porque lo que buscaba era anotar, y sin querer, logr\u00f3 hacerlo con lo primero que tuvo cerca del esf\u00e9rico, que en este caso, era su mano.<\/p>\n<p style=\"text-align: center;\"><span style=\"color: #3366ff;\"><a style=\"color: #3366ff;\" href=\"http:\/\/www.futboltotal.com.mx\/2016\/06\/la-meti-muslo-raul-ruidiaz\/\" target=\"_blank\"><strong>LEER M\u00c1S: Ruid\u00edaz afirma que meti\u00f3 el gol con el muslo<\/strong><\/a><\/span><\/p>\n<p>&#8220;M\u00e1s que picard\u00eda, fue la \u00fanica opci\u00f3n que ten\u00eda para anotar y como sea ten\u00eda que entrar esa bola casi en los \u00faltimos minutos. Fue el \u00faltimo recurso&#8221;, se\u00f1al\u00f3 <strong>Ra\u00fal Ruid\u00edaz<\/strong>, al diario <em>L\u00edbero<\/em>.<\/p>\n","protected":false},"excerpt":{"rendered":"<p>El futbolista peruano habla sobre su anotaci\u00f3n a Brasil<\/p>\n","protected":false},"author":20,"featured_media":405181,"comment_status":"closed","ping_status":"closed","sticky":false,"template":"","format":"standard","meta":[],"categories":[6950,3839,6953,5951],"tags":[2130],"_links":{"self":[{"href":"http:\/\/desarrollo.grupomedios.com\/futbol\/wp-json\/wp\/v2\/posts\/405179"}],"collection":[{"href":"http:\/\/desarrollo.grupomedios.com\/futbol\/wp-json\/wp\/v2\/posts"}],"about":[{"href":"http:\/\/desarrollo.grupomedios.com\/futbol\/wp-json\/wp\/v2\/types\/post"}],"author":[{"embeddable":true,"href":"http:\/\/desarrollo.grupomedios.com\/futbol\/wp-json\/wp\/v2\/users\/20"}],"replies":[{"embeddable":true,"href":"http:\/\/desarrollo.grupomedios.com\/futbol\/wp-json\/wp\/v2\/comments?post=405179"}],"version-history":[{"count":0,"href":"http:\/\/desarrollo.grupomedios.com\/futbol\/wp-json\/wp\/v2\/posts\/405179\/revisions"}],"wp:featuredmedia":[{"embeddable":true,"href":"http:\/\/desarrollo.grupomedios.com\/futbol\/wp-json\/wp\/v2\/media\/405181"}],"wp:attachment":[{"href":"http:\/\/desarrollo.grupomedios.com\/futbol\/wp-json\/wp\/v2\/media?parent=405179"}],"wp:term":[{"taxonomy":"category","embeddable":true,"href":"http:\/\/desarrollo.grupomedios.com\/futbol\/wp-json\/wp\/v2\/categories?post=405179"},{"taxonomy":"post_tag","embeddable":true,"href":"http:\/\/desarrollo.grupomedios.com\/futbol\/wp-json\/wp\/v2\/tags?post=405179"}],"curies":[{"name":"wp","href":"https:\/\/api.w.org\/{rel}","templated":true}]}}