{"id":405214,"date":"2016-06-21T13:30:01","date_gmt":"2016-06-21T19:30:01","guid":{"rendered":"http:\/\/www.futboltotal.com.mx\/?p=405214"},"modified":"2016-06-21T20:22:37","modified_gmt":"2016-06-22T02:22:37","slug":"hubiera-renunciado-fue-ridiculo-hugo-sanchez","status":"publish","type":"post","link":"http:\/\/desarrollo.grupomedios.com\/futbol\/destacado-home\/hubiera-renunciado-fue-ridiculo-hugo-sanchez\/2016\/06","title":{"rendered":"Hubiera renunciado, es un rid\u00edculo hist\u00f3rico: Hugo S\u00e1nchez"},"content":{"rendered":"<p>Parece que la escandalosa derrota de la Selecci\u00f3n Mexicana va a ser dif\u00edcil de olvidar y por ello sigue dando de qu\u00e9 hablar. Ahora fue el turno para <strong>Hugo S\u00e1nchez<\/strong>, ex entrenador del <em>Tricolor<\/em> entre 2007 y 2008, y quien no sinti\u00f3 compasi\u00f3n por <strong>Juan Carlos Osorio<\/strong> y asegur\u00f3 que si estuviera en su lugar, habr\u00eda renunciado despu\u00e9s de ese rid\u00edculo hist\u00f3rico.<\/p>\n<p><img decoding=\"async\" loading=\"lazy\" class=\"alignnone size-full wp-image-405215\" src=\"http:\/\/www.futboltotal.com.mx\/wp-content\/uploads\/2016\/06\/Hugo-sanchez-renuncia.jpg\" alt=\"Hugo-sanchez-renuncia\" srcset=\"http:\/\/desarrollo.grupomedios.com\/futbol\/wp-content\/uploads\/2016\/06\/Hugo-sanchez-renuncia.jpg 1880w, http:\/\/desarrollo.grupomedios.com\/futbol\/wp-content\/uploads\/2016\/06\/Hugo-sanchez-renuncia-300x251.jpg 300w, http:\/\/desarrollo.grupomedios.com\/futbol\/wp-content\/uploads\/2016\/06\/Hugo-sanchez-renuncia-768x644.jpg 768w, http:\/\/desarrollo.grupomedios.com\/futbol\/wp-content\/uploads\/2016\/06\/Hugo-sanchez-renuncia-1024x858.jpg 1024w\" sizes=\"(max-width: 1880px) 100vw, 1880px\" \/><\/p>\n<p>Adem\u00e1s, S\u00e1nchez M\u00e1rquez critic\u00f3 la rotaci\u00f3n que tuvo <strong>Osorio<\/strong> con los porteros, donde asegur\u00f3 que nunca hab\u00eda visto algo similar en una competencia internacional.<\/p>\n<p>\u201cNunca hab\u00eda visto que se usaran a tres porteros en una justa de esta calidad, <strong>Osorio<\/strong> se envalenton\u00f3 pensando que pod\u00eda pelear al t\u00fa por t\u00fa frente a Chile, creo que se le escap\u00f3 una oportunidad importante; debe presentar su renuncia porque si no a partir de ahora toda la presi\u00f3n va a ir hacia \u00e9l. Hay un Osorio antes de este resultado y despu\u00e9s del 7-0\u201d, expres\u00f3.<\/p>\n<p>Tambi\u00e9n el\u00a0<em>Pentapichichi\u00a0<\/em>record\u00f3 la situaci\u00f3n que se vivi\u00f3 con Ricardo La Volpe, de quien considera que se le permitieron muchas cosas por ser extranjero y no mexicano, como cuando a \u00e9l lo corrieron por no clasificar a los Juegos Ol\u00edmpicos de Beijing 2008.<\/p>\n<p>\u201cLa paciencia es menor cuando es un mexicano; a La Volpe lo aguantaron cuatro a\u00f1os haciendo una barbaridad de cosas, tir\u00e1ndole agua a los periodistas, insultando a una cantidad de gente. A m\u00ed no me aguantaron, pero bueno, me equivoqu\u00e9 con la Selecci\u00f3n Ol\u00edmpica, que no ten\u00eda que haberla aceptado\u201d, record\u00f3.<\/p>\n","protected":false},"excerpt":{"rendered":"<p>El mexicano habl\u00f3 fuerte sobre el desempe\u00f1o de Osorio<\/p>\n","protected":false},"author":20,"featured_media":405217,"comment_status":"closed","ping_status":"closed","sticky":false,"template":"","format":"standard","meta":[],"categories":[5,2198,3847],"tags":[448,6196,5979],"_links":{"self":[{"href":"http:\/\/desarrollo.grupomedios.com\/futbol\/wp-json\/wp\/v2\/posts\/405214"}],"collection":[{"href":"http:\/\/desarrollo.grupomedios.com\/futbol\/wp-json\/wp\/v2\/posts"}],"about":[{"href":"http:\/\/desarrollo.grupomedios.com\/futbol\/wp-json\/wp\/v2\/types\/post"}],"author":[{"embeddable":true,"href":"http:\/\/desarrollo.grupomedios.com\/futbol\/wp-json\/wp\/v2\/users\/20"}],"replies":[{"embeddable":true,"href":"http:\/\/desarrollo.grupomedios.com\/futbol\/wp-json\/wp\/v2\/comments?post=405214"}],"version-history":[{"count":0,"href":"http:\/\/desarrollo.grupomedios.com\/futbol\/wp-json\/wp\/v2\/posts\/405214\/revisions"}],"wp:featuredmedia":[{"embeddable":true,"href":"http:\/\/desarrollo.grupomedios.com\/futbol\/wp-json\/wp\/v2\/media\/405217"}],"wp:attachment":[{"href":"http:\/\/desarrollo.grupomedios.com\/futbol\/wp-json\/wp\/v2\/media?parent=405214"}],"wp:term":[{"taxonomy":"category","embeddable":true,"href":"http:\/\/desarrollo.grupomedios.com\/futbol\/wp-json\/wp\/v2\/categories?post=405214"},{"taxonomy":"post_tag","embeddable":true,"href":"http:\/\/desarrollo.grupomedios.com\/futbol\/wp-json\/wp\/v2\/tags?post=405214"}],"curies":[{"name":"wp","href":"https:\/\/api.w.org\/{rel}","templated":true}]}}