{"id":405243,"date":"2016-06-21T18:13:53","date_gmt":"2016-06-22T00:13:53","guid":{"rendered":"http:\/\/www.futboltotal.com.mx\/?p=405243"},"modified":"2016-06-21T18:38:32","modified_gmt":"2016-06-22T00:38:32","slug":"santo-tendra-boleto-conmemorativo-centenario-natalicio","status":"publish","type":"post","link":"http:\/\/desarrollo.grupomedios.com\/futbol\/no-todo-es-futbol\/santo-tendra-boleto-conmemorativo-centenario-natalicio\/2016\/06","title":{"rendered":"El Santo tendr\u00e1 su boleto conmemorativo"},"content":{"rendered":"<p>Rodolfo Guzm\u00e1n Huerta naci\u00f3 el 23 de septiembre de 1917, y a partir de la d\u00e9cada de 1940, se convirti\u00f3 en el deportista m\u00e1s c\u00e9lebre de M\u00e9xico y uno de los m\u00e1s reconocidos en el mundo, por su habilidad sobre el cuadrilatero, enfundado en la m\u00e1scara de plata y bajo el nombre de <strong>El Santo.<\/strong><\/p>\n<p>Debido a que se aproxima el natalicio n\u00famero cien del <em>Enmascarado de Plata<\/em>, el Metro de la Ciudad de M\u00e9xico pondr\u00e1 en circulaci\u00f3n boletos conmemorativos con la imagen del luchador, de los cuales, habr\u00e1 10 millones de copias.<\/p>\n<p style=\"text-align: center;\"><span style=\"color: #3366ff;\"><strong><a style=\"color: #3366ff;\" href=\"http:\/\/www.futboltotal.com.mx\/2016\/06\/jose-ramon-fernandez-quiere-emilio-azcarraga-ceda-poder-seleccion-mexicana-a-carlos-slim\/\" target=\"_blank\">LEER M\u00c1S: Quieren que empresario tome las riendas de la Selecci\u00f3n Mexicana<\/a><\/strong><\/span><\/p>\n<p>El <strong>Hijo del Santo<\/strong> devel\u00f3 el dise\u00f1o oficial del boleto, junto con el jefe de gobierno de la Ciudad de M\u00e9xico, Miguel \u00c1ngel Mancera. &#8220;Es un honor que la imagen de mi padre est\u00e9 estampada en este boleto y est\u00e9 en las manos del p\u00fablico&#8221;, se\u00f1al\u00f3 el luchador.<\/p>\n<blockquote class=\"twitter-tweet\" data-lang=\"es\">\n<p dir=\"ltr\" lang=\"es\">En reconocimiento a su trayectoria y cultura popular se presenta Boleto <a href=\"https:\/\/twitter.com\/MetroCDMX\">@MetroCDMX<\/a> El Santo, El Enmascarado de Plata <a href=\"https:\/\/t.co\/yI5Z201yOA\">pic.twitter.com\/yI5Z201yOA<\/a><\/p>\n<p>\u2014 Gobierno CDMX (@GobCDMX) <a href=\"https:\/\/twitter.com\/GobCDMX\/status\/745281180312821761\">21 de junio de 2016<\/a><\/p><\/blockquote>\n<p><script src=\"\/\/platform.twitter.com\/widgets.js\" async=\"\" charset=\"utf-8\"><\/script><\/p>\n","protected":false},"excerpt":{"rendered":"<p>A casi cien a\u00f1os de su natalicio, el luchador viajar\u00e1 en el Metro<\/p>\n","protected":false},"author":20,"featured_media":405251,"comment_status":"closed","ping_status":"closed","sticky":false,"template":"","format":"standard","meta":[],"categories":[5418,6411],"tags":[7214,5771],"_links":{"self":[{"href":"http:\/\/desarrollo.grupomedios.com\/futbol\/wp-json\/wp\/v2\/posts\/405243"}],"collection":[{"href":"http:\/\/desarrollo.grupomedios.com\/futbol\/wp-json\/wp\/v2\/posts"}],"about":[{"href":"http:\/\/desarrollo.grupomedios.com\/futbol\/wp-json\/wp\/v2\/types\/post"}],"author":[{"embeddable":true,"href":"http:\/\/desarrollo.grupomedios.com\/futbol\/wp-json\/wp\/v2\/users\/20"}],"replies":[{"embeddable":true,"href":"http:\/\/desarrollo.grupomedios.com\/futbol\/wp-json\/wp\/v2\/comments?post=405243"}],"version-history":[{"count":0,"href":"http:\/\/desarrollo.grupomedios.com\/futbol\/wp-json\/wp\/v2\/posts\/405243\/revisions"}],"wp:featuredmedia":[{"embeddable":true,"href":"http:\/\/desarrollo.grupomedios.com\/futbol\/wp-json\/wp\/v2\/media\/405251"}],"wp:attachment":[{"href":"http:\/\/desarrollo.grupomedios.com\/futbol\/wp-json\/wp\/v2\/media?parent=405243"}],"wp:term":[{"taxonomy":"category","embeddable":true,"href":"http:\/\/desarrollo.grupomedios.com\/futbol\/wp-json\/wp\/v2\/categories?post=405243"},{"taxonomy":"post_tag","embeddable":true,"href":"http:\/\/desarrollo.grupomedios.com\/futbol\/wp-json\/wp\/v2\/tags?post=405243"}],"curies":[{"name":"wp","href":"https:\/\/api.w.org\/{rel}","templated":true}]}}