{"id":405270,"date":"2016-06-21T14:00:24","date_gmt":"2016-06-21T20:00:24","guid":{"rendered":"http:\/\/www.futboltotal.com.mx\/?p=405270"},"modified":"2016-06-21T22:21:11","modified_gmt":"2016-06-22T04:21:11","slug":"los-10-cracks-mas-rapidos-de-la-euro","status":"publish","type":"post","link":"http:\/\/desarrollo.grupomedios.com\/futbol\/destacado-home\/los-10-cracks-mas-rapidos-de-la-euro\/2016\/06","title":{"rendered":"\u00a1Los 10 cracks m\u00e1s r\u00e1pidos de la Euro!"},"content":{"rendered":"<p>La <strong><a href=\"http:\/\/www.futboltotal.com.mx\/eurocopa-2016\/\">Eurocopa 2016<\/a><\/strong> ha sido hist\u00f3rica por la participaci\u00f3n de 24 selecciones -la mayor cifra en la historia del certamen- y 552 jugadores registrados ante la UEFA. Y en plena efervescencia del ocaso de la Fase de Grupos, una parte de las c\u00e1maras han captado a 10 <em>c<\/em><i>racks<\/i>\u00a0que se han convertido los m\u00e1s r\u00e1pidos en lo que va del certamen. Esta decena supera la media de 30 kil\u00f3metros por hora y vale la pena decir que en ella no figura el gal\u00e9s Gareth Bale, quien hasta antes de la justa era considerado como el m\u00e1s r\u00e1pido del planeta futbol, seg\u00fan las mediciones de la FIFA. \u00bfQui\u00e9nes con los velocistas de la Euro?.<\/p>\n<p style=\"text-align: center;\"><span style=\"color: #3366ff;\"><strong><a style=\"color: #3366ff;\" href=\"http:\/\/www.futboltotal.com.mx\/2016\/06\/clasificados-a-octavos-la-euro-al-momento\/\">LEER M\u00c1S: Clasificados a Octavos de Final de la Euro al momento<\/a><\/strong><\/span><\/p>\n<p><script src=\"\/\/cdn.playbuzz.com\/widget\/feed.js\" type=\"text\/javascript\"><\/script><\/p>\n<div class=\"pb_feed\" data-embed-by=\"d43f3879-83ed-40bc-99d7-fde80605466f\" data-game=\"\/futboltotal\/descubre-a-los-10-crack-m-s-r-pidos-de-la-eurocopa\" data-recommend=\"false\" data-game-info=\"false\"><\/div>\n","protected":false},"excerpt":{"rendered":"<p>De los 552 jugadores inscritos solo una decena lideran el Top de los velocistas<\/p>\n","protected":false},"author":20,"featured_media":405312,"comment_status":"closed","ping_status":"closed","sticky":false,"template":"","format":"standard","meta":[],"categories":[5,6995,6999],"tags":[5537],"_links":{"self":[{"href":"http:\/\/desarrollo.grupomedios.com\/futbol\/wp-json\/wp\/v2\/posts\/405270"}],"collection":[{"href":"http:\/\/desarrollo.grupomedios.com\/futbol\/wp-json\/wp\/v2\/posts"}],"about":[{"href":"http:\/\/desarrollo.grupomedios.com\/futbol\/wp-json\/wp\/v2\/types\/post"}],"author":[{"embeddable":true,"href":"http:\/\/desarrollo.grupomedios.com\/futbol\/wp-json\/wp\/v2\/users\/20"}],"replies":[{"embeddable":true,"href":"http:\/\/desarrollo.grupomedios.com\/futbol\/wp-json\/wp\/v2\/comments?post=405270"}],"version-history":[{"count":0,"href":"http:\/\/desarrollo.grupomedios.com\/futbol\/wp-json\/wp\/v2\/posts\/405270\/revisions"}],"wp:featuredmedia":[{"embeddable":true,"href":"http:\/\/desarrollo.grupomedios.com\/futbol\/wp-json\/wp\/v2\/media\/405312"}],"wp:attachment":[{"href":"http:\/\/desarrollo.grupomedios.com\/futbol\/wp-json\/wp\/v2\/media?parent=405270"}],"wp:term":[{"taxonomy":"category","embeddable":true,"href":"http:\/\/desarrollo.grupomedios.com\/futbol\/wp-json\/wp\/v2\/categories?post=405270"},{"taxonomy":"post_tag","embeddable":true,"href":"http:\/\/desarrollo.grupomedios.com\/futbol\/wp-json\/wp\/v2\/tags?post=405270"}],"curies":[{"name":"wp","href":"https:\/\/api.w.org\/{rel}","templated":true}]}}