{"id":405273,"date":"2016-06-21T18:42:56","date_gmt":"2016-06-22T00:42:56","guid":{"rendered":"http:\/\/www.futboltotal.com.mx\/?p=405273"},"modified":"2016-06-21T18:42:56","modified_gmt":"2016-06-22T00:42:56","slug":"jaine-barreiro-nuevo-jugador-del-atlas","status":"publish","type":"post","link":"http:\/\/desarrollo.grupomedios.com\/futbol\/futbol-mexicano\/jaine-barreiro-nuevo-jugador-del-atlas\/2016\/06","title":{"rendered":"Jaine Barreiro, nuevo jugador del Atlas"},"content":{"rendered":"<p>Pese a que ya comenz\u00f3 con su pretemporada, <strong><a href=\"http:\/\/futboltotal.com.mx\/equipos\/atlas\/\" target=\"_blank\">Atlas<\/a><\/strong> mantiene labores para reforzarse, por eso busc\u00f3 en el mercado extranjero y consigui\u00f3 hacerse con el defensa colombiano, <strong>Jaine Barreiro<\/strong>, quien llega procedente de Independiente de Santa Fe.<\/p>\n<p>El zaguero de 22 a\u00f1os de edad ya arrib\u00f3 a tierras tapat\u00edas para realizar los ex\u00e1menes m\u00e9dicos, para despu\u00e9s unirse al equipo y empezar con el proceso de adaptaci\u00f3n.<\/p>\n<blockquote class=\"twitter-tweet\" data-lang=\"es\">\n<p dir=\"ltr\" lang=\"es\"><a href=\"https:\/\/twitter.com\/hashtag\/PretemporadaRojinegra?src=hash\">#PretemporadaRojinegra<\/a> \u00a1Termina el partido! Los Zorros empatan 1-1 ante <a href=\"https:\/\/twitter.com\/LeonesNegrosCF\">@LeonesNegrosCF<\/a> <a href=\"https:\/\/t.co\/tZGn70CxqA\">pic.twitter.com\/tZGn70CxqA<\/a><\/p>\n<p>\u2014 Atlas FC (@atlasfc) <a href=\"https:\/\/twitter.com\/atlasfc\/status\/745304688115978245\">21 de junio de 2016<\/a><\/p><\/blockquote>\n<p><script src=\"\/\/platform.twitter.com\/widgets.js\" async=\"\" charset=\"utf-8\"><\/script><\/p>\n<p>Reforzar la defensa era una de las prioridades del <strong>Atlas<\/strong>, pues en el Clausura 2016 fue una de las peores al recibir 26 goles.<\/p>\n<p>De la mano de Jos\u00e9 Guadalupe Cruz, los <em>Rodrinegros<\/em> consiguieron a <strong>Jaine Barreiro<\/strong> que se une a los fichajes de Daniel Arreola (Dorados), Leiton Jim\u00e9nez (Xolos), Javier Salas (Dorados), Jos\u00e9 Madue\u00f1as (Xolos), C\u00e1ndido Ram\u00edrez (Monterrey), Santiago San Rom\u00e1n (Alebrijes), Daniel Arreola (Dorados) y Javier Salas (Dorados).<\/p>\n<p><span style=\"color: #ff0000;\"><strong>VIDEO<\/strong>: Las 10 peores Panenkas de la historia<\/span><\/p>\n<p>[video_player]https:\/\/player.vimeo.com\/external\/171433638.sd.mp4?s=78404ffed0660d7b888d883dca6a4754abbef8df&amp;profile_id=165[\/video_player]<\/p>\n","protected":false},"excerpt":{"rendered":"<p>El defensa colombiano ya est\u00e1 en Jalisco <\/p>\n","protected":false},"author":20,"featured_media":405275,"comment_status":"closed","ping_status":"closed","sticky":false,"template":"","format":"standard","meta":[],"categories":[2198,3845,5950],"tags":[5961],"_links":{"self":[{"href":"http:\/\/desarrollo.grupomedios.com\/futbol\/wp-json\/wp\/v2\/posts\/405273"}],"collection":[{"href":"http:\/\/desarrollo.grupomedios.com\/futbol\/wp-json\/wp\/v2\/posts"}],"about":[{"href":"http:\/\/desarrollo.grupomedios.com\/futbol\/wp-json\/wp\/v2\/types\/post"}],"author":[{"embeddable":true,"href":"http:\/\/desarrollo.grupomedios.com\/futbol\/wp-json\/wp\/v2\/users\/20"}],"replies":[{"embeddable":true,"href":"http:\/\/desarrollo.grupomedios.com\/futbol\/wp-json\/wp\/v2\/comments?post=405273"}],"version-history":[{"count":0,"href":"http:\/\/desarrollo.grupomedios.com\/futbol\/wp-json\/wp\/v2\/posts\/405273\/revisions"}],"wp:featuredmedia":[{"embeddable":true,"href":"http:\/\/desarrollo.grupomedios.com\/futbol\/wp-json\/wp\/v2\/media\/405275"}],"wp:attachment":[{"href":"http:\/\/desarrollo.grupomedios.com\/futbol\/wp-json\/wp\/v2\/media?parent=405273"}],"wp:term":[{"taxonomy":"category","embeddable":true,"href":"http:\/\/desarrollo.grupomedios.com\/futbol\/wp-json\/wp\/v2\/categories?post=405273"},{"taxonomy":"post_tag","embeddable":true,"href":"http:\/\/desarrollo.grupomedios.com\/futbol\/wp-json\/wp\/v2\/tags?post=405273"}],"curies":[{"name":"wp","href":"https:\/\/api.w.org\/{rel}","templated":true}]}}