{"id":405364,"date":"2016-06-21T21:07:18","date_gmt":"2016-06-22T03:07:18","guid":{"rendered":"http:\/\/www.futboltotal.com.mx\/?p=405364"},"modified":"2016-06-21T21:08:06","modified_gmt":"2016-06-22T03:08:06","slug":"pique-explica-polemico-gesto-al-himno-espana","status":"publish","type":"post","link":"http:\/\/desarrollo.grupomedios.com\/futbol\/futbol-internacional\/pique-explica-polemico-gesto-al-himno-espana\/2016\/06","title":{"rendered":"Piqu\u00e9 explica si hubo o no pol\u00e9mico gesto al Himno"},"content":{"rendered":"<p>El defensa de la selecci\u00f3n espa\u00f1ola, <strong>Gerard Piqu\u00e9<\/strong>, aclar\u00f3 tras la derrota 2-1 ante <strong>Croacia<\/strong> de este martes que no realiz\u00f3 ning\u00fan pol\u00e9mico gesto mientras sonaba por la megafon\u00eda el Himno de Espa\u00f1a.<\/p>\n<p>En la v\u00edspera del partido, comenz\u00f3 a circular en redes sociales una imagen en la que <strong>Piqu\u00e9\u00a0<\/strong>aparece levantando\u00a0el dedo medio de la mano derecha mientras se entonaba el himno espa\u00f1ol, sin embargo; el central asegur\u00f3 que solo se estaba &#8220;tronando los dedos&#8221; e inst\u00f3 a la prensa internacional y a la afici\u00f3n espa\u00f1ola \u00a0a &#8220;dejar de buscar pol\u00e9mica donde no la hay&#8221;.<\/p>\n<p style=\"text-align: center;\"><span style=\"color: #3366ff;\"><strong><a style=\"color: #3366ff;\" href=\"http:\/\/www.futboltotal.com.mx\/2016\/06\/clasificados-a-octavos-la-euro-al-momento\/\">LEER M\u00c1S: Clasificados a Octavos de la Eurocopa al momento&#8230;<\/a><\/strong><\/span><\/p>\n<blockquote class=\"twitter-tweet\" data-lang=\"es\">\n<p dir=\"ltr\" lang=\"es\">Me estoy crujiendo los dedos durante el himno. Dejemos de buscar pol\u00e9micas donde no las hay e intentemos ganar la Eurocopa todos juntos.<\/p>\n<p>\u2014 Gerard Piqu\u00e9 (@3gerardpique) <a href=\"https:\/\/twitter.com\/3gerardpique\/status\/745369230623662080\">21 de junio de 2016<\/a><\/p><\/blockquote>\n<p><script src=\"\/\/platform.twitter.com\/widgets.js\" async=\"\" charset=\"utf-8\"><\/script><\/p>\n","protected":false},"excerpt":{"rendered":"<p>El central espa\u00f1ol habl\u00f3 tras el partido ante Croacia<\/p>\n","protected":false},"author":20,"featured_media":405366,"comment_status":"closed","ping_status":"closed","sticky":false,"template":"","format":"standard","meta":[],"categories":[6995,3839,6999],"tags":[1393,253,2236],"_links":{"self":[{"href":"http:\/\/desarrollo.grupomedios.com\/futbol\/wp-json\/wp\/v2\/posts\/405364"}],"collection":[{"href":"http:\/\/desarrollo.grupomedios.com\/futbol\/wp-json\/wp\/v2\/posts"}],"about":[{"href":"http:\/\/desarrollo.grupomedios.com\/futbol\/wp-json\/wp\/v2\/types\/post"}],"author":[{"embeddable":true,"href":"http:\/\/desarrollo.grupomedios.com\/futbol\/wp-json\/wp\/v2\/users\/20"}],"replies":[{"embeddable":true,"href":"http:\/\/desarrollo.grupomedios.com\/futbol\/wp-json\/wp\/v2\/comments?post=405364"}],"version-history":[{"count":0,"href":"http:\/\/desarrollo.grupomedios.com\/futbol\/wp-json\/wp\/v2\/posts\/405364\/revisions"}],"wp:featuredmedia":[{"embeddable":true,"href":"http:\/\/desarrollo.grupomedios.com\/futbol\/wp-json\/wp\/v2\/media\/405366"}],"wp:attachment":[{"href":"http:\/\/desarrollo.grupomedios.com\/futbol\/wp-json\/wp\/v2\/media?parent=405364"}],"wp:term":[{"taxonomy":"category","embeddable":true,"href":"http:\/\/desarrollo.grupomedios.com\/futbol\/wp-json\/wp\/v2\/categories?post=405364"},{"taxonomy":"post_tag","embeddable":true,"href":"http:\/\/desarrollo.grupomedios.com\/futbol\/wp-json\/wp\/v2\/tags?post=405364"}],"curies":[{"name":"wp","href":"https:\/\/api.w.org\/{rel}","templated":true}]}}