{"id":405368,"date":"2016-06-22T17:40:57","date_gmt":"2016-06-22T23:40:57","guid":{"rendered":"http:\/\/www.futboltotal.com.mx\/?p=405368"},"modified":"2016-06-23T03:26:46","modified_gmt":"2016-06-23T09:26:46","slug":"en-vivo-colombia-vs-chile-copa-america","status":"publish","type":"post","link":"http:\/\/desarrollo.grupomedios.com\/futbol\/futbol-internacional\/en-vivo-colombia-vs-chile-copa-america\/2016\/06","title":{"rendered":"AS\u00cd SE VIVI\u00d3 | Colombia vs. Chile | Copa Am\u00e9rica"},"content":{"rendered":"<p><a class=\"twitter-timeline\" href=\"https:\/\/twitter.com\/search?q=from%3ALaRoja%2C%20OR%20from%3ACA2016_sp%2C%20OR%20from%3AFCFSeleccionCol\" data-widget-id=\"745767774807482368\">Tweets sobre from:LaRoja, OR from:CA2016_sp, OR from:FCFSeleccionCol<\/a><br \/>\n<script>\/\/ <![CDATA[\n!function(d,s,id){var js,fjs=d.getElementsByTagName(s)[0],p=\/^http:\/.test(d.location)?'http':'https';if(!d.getElementById(id)){js=d.createElement(s);js.id=id;js.src=p+\":\/\/platform.twitter.com\/widgets.js\";fjs.parentNode.insertBefore(js,fjs);}}(document,\"script\",\"twitter-wjs\");\n\/\/ ]]><\/script><br \/>\nEn el Soldier Field de Chicago Illinois, <strong>Colombia<\/strong> y <strong>Chile<\/strong> compiten por el segundo boleto a la Gran Final de la <strong>Copa Am\u00e9rica Centenario<\/strong>. Los cafetaleros buscan retornar a la instancia por el t\u00edtulo, mientras que los andinos quieren buscar otro resultado sorpresivo, que los acerque al bicampeonato.<\/p>\n<p><strong>Colombia<\/strong> comenz\u00f3 de la mejor forma en la <strong>Copa Am\u00e9rica<\/strong>, pero a partir del juego contra Costa Rica, su camino ha tenido ciertas dudas, por lo que, ante un <strong>Chile<\/strong> confiado, deber\u00e1n de buscar el pase a la final, instancia a la que no llegan desde el 2001, cuando vencieron a M\u00e9xico, en casa.<\/p>\n<p>Por su parte, el paso de <strong>Chile<\/strong> casi es opuesto al de <strong>Colombia<\/strong>, pues inici\u00f3 con dudas y consigui\u00f3 sus primeros puntos con complicaciones, pero en Cuartos de Final mostraron su potencial, adem\u00e1s de evidenciar a la <strong><a href=\"http:\/\/www.futboltotal.com.mx\/futbol-mexicano\/seleccion-mexicana\/\" target=\"_blank\">Selecci\u00f3n Mexicana<\/a><\/strong> y de paso, sacar un resultado hist\u00f3rico a favor, en su b\u00fasqueda del bicampeonato.<\/p>\n<p>Jos\u00e9 Ernesto Pekerman y Juan Antonio Pizzi son dos estrategas conocidos en el futbol mexicano, el primero dirigi\u00f3 a Toluca, con el que disput\u00f3 dos liguillas consecutivas, entre 2007 y 2008, pero sin lograr refrendar el t\u00edtulo que su antecesor, Am\u00e9rico Gallego, hab\u00eda logrado; por su parte el estratega de los andinos, dirigi\u00f3 entre 2015 y 2016 a Le\u00f3n, pero tampoco pudo coronarse con la <em>Fiera<\/em>.<\/p>\n<p>Estos dos estrategas ahora buscan un t\u00edtulo, pero primero tendr\u00e1n que pasar de las semifinales de la <strong>Copa Am\u00e9rica<\/strong>, y enfrentar al ganador de la otra semifinal: Estados Unidos o Argentina.<\/p>\n<p><strong>Colombia vs. Chile<\/strong>, \u00bfCu\u00e1l es tu pron\u00f3stico para este partido, <em>crack<\/em>?<\/p>\n","protected":false},"excerpt":{"rendered":"<p>La Roja pas\u00f3 a la Final y va por el Bi<\/p>\n","protected":false},"author":20,"featured_media":405766,"comment_status":"closed","ping_status":"closed","sticky":false,"template":"","format":"standard","meta":[],"categories":[6950,3839,6953],"tags":[2130],"_links":{"self":[{"href":"http:\/\/desarrollo.grupomedios.com\/futbol\/wp-json\/wp\/v2\/posts\/405368"}],"collection":[{"href":"http:\/\/desarrollo.grupomedios.com\/futbol\/wp-json\/wp\/v2\/posts"}],"about":[{"href":"http:\/\/desarrollo.grupomedios.com\/futbol\/wp-json\/wp\/v2\/types\/post"}],"author":[{"embeddable":true,"href":"http:\/\/desarrollo.grupomedios.com\/futbol\/wp-json\/wp\/v2\/users\/20"}],"replies":[{"embeddable":true,"href":"http:\/\/desarrollo.grupomedios.com\/futbol\/wp-json\/wp\/v2\/comments?post=405368"}],"version-history":[{"count":0,"href":"http:\/\/desarrollo.grupomedios.com\/futbol\/wp-json\/wp\/v2\/posts\/405368\/revisions"}],"wp:featuredmedia":[{"embeddable":true,"href":"http:\/\/desarrollo.grupomedios.com\/futbol\/wp-json\/wp\/v2\/media\/405766"}],"wp:attachment":[{"href":"http:\/\/desarrollo.grupomedios.com\/futbol\/wp-json\/wp\/v2\/media?parent=405368"}],"wp:term":[{"taxonomy":"category","embeddable":true,"href":"http:\/\/desarrollo.grupomedios.com\/futbol\/wp-json\/wp\/v2\/categories?post=405368"},{"taxonomy":"post_tag","embeddable":true,"href":"http:\/\/desarrollo.grupomedios.com\/futbol\/wp-json\/wp\/v2\/tags?post=405368"}],"curies":[{"name":"wp","href":"https:\/\/api.w.org\/{rel}","templated":true}]}}