{"id":405373,"date":"2016-06-21T21:22:30","date_gmt":"2016-06-22T03:22:30","guid":{"rendered":"http:\/\/www.futboltotal.com.mx\/?p=405373"},"modified":"2016-06-21T21:22:30","modified_gmt":"2016-06-22T03:22:30","slug":"los-5-candidatos-tomar-al-tri","status":"publish","type":"post","link":"http:\/\/desarrollo.grupomedios.com\/futbol\/futbol-mexicano\/los-5-candidatos-tomar-al-tri\/2016\/06","title":{"rendered":"Los 5 candidatos para tomar al Tri"},"content":{"rendered":"<p>A pesar de tener s\u00f3lo una derrota, la continuidad de <strong>Juan Carlos Osorio<\/strong> fue tema de conversaci\u00f3n tras permitir la segunda mayor goleada en la historia de la <strong><a href=\"http:\/\/www.futboltotal.com.mx\/futbol-mexicano\/seleccion-mexicana\/\" target=\"_blank\">Selecci\u00f3n Mexicana<\/a><\/strong>, ya que al caer 0-7 frente a Chile, la afici\u00f3n exigi\u00f3 la salida del estratega colombiano.<\/p>\n<p>Si bien, la idea de cortar el proceso, pas\u00f3 por las mentes de los directivos de la FMF, el DT <em>cafetero<\/em> seguir\u00e1 en el <em>Tri<\/em>, pero de acuerdo con <em>Cancha<\/em>, le pedir\u00e1n al entrenador cambiar su estilo de rotaci\u00f3n, en caso de no hacerlo se pensar\u00e1 en alguien que tome las riendas del equipo; en este rubro, destaca que ya habr\u00eda cinco candidatos.<\/p>\n<p><a href=\"http:\/\/www.futboltotal.com.mx\/wp-content\/uploads\/2016\/06\/juan-carlos-osorio-seleccion-mexicana-noticias-1-1.jpg\" rel=\"attachment wp-att-405377\"><img decoding=\"async\" loading=\"lazy\" class=\"alignnone size-full wp-image-405377\" src=\"http:\/\/www.futboltotal.com.mx\/wp-content\/uploads\/2016\/06\/juan-carlos-osorio-seleccion-mexicana-noticias-1-1.jpg\" alt=\"juan-carlos-osorio-seleccion-mexicana-noticias-1\" srcset=\"http:\/\/desarrollo.grupomedios.com\/futbol\/wp-content\/uploads\/2016\/06\/juan-carlos-osorio-seleccion-mexicana-noticias-1-1.jpg 858w, http:\/\/desarrollo.grupomedios.com\/futbol\/wp-content\/uploads\/2016\/06\/juan-carlos-osorio-seleccion-mexicana-noticias-1-1-300x151.jpg 300w, http:\/\/desarrollo.grupomedios.com\/futbol\/wp-content\/uploads\/2016\/06\/juan-carlos-osorio-seleccion-mexicana-noticias-1-1-768x386.jpg 768w, http:\/\/desarrollo.grupomedios.com\/futbol\/wp-content\/uploads\/2016\/06\/juan-carlos-osorio-seleccion-mexicana-noticias-1-1-340x171.jpg 340w\" sizes=\"(max-width: 858px) 100vw, 858px\" \/><\/a><\/p>\n<p><span style=\"color: #ff0000;\"><strong>Ricardo La Volpe<\/strong><\/span> | Toda vez que se habl\u00f3 de la posible salida de Osorio, el <em>Bigot\u00f3n<\/em> de inmediato alz\u00f3 la mano para regresar a la <strong>Selecci\u00f3n Mexicana<\/strong>, aunque el mayor obst\u00e1culo ser\u00eda la posible negativa de algunos due\u00f1os.<\/p>\n<p><span style=\"color: #ff0000;\"><strong>Miguel Herrera<\/strong><\/span> | No pudo evitar volver a sugerir su regreso, pero tambi\u00e9n debe resistirse a la oferta que le dio Paraguay, aunque seg\u00fan el propio <em>Piojo<\/em>, s\u00f3lo piensa en seguir su proceso con Xolos.<\/p>\n<p><a href=\"http:\/\/www.futboltotal.com.mx\/wp-content\/uploads\/2016\/06\/juan-carlos-osorio-seleccion-mexicana-noticias-2-1.jpg\" rel=\"attachment wp-att-405381\"><img decoding=\"async\" loading=\"lazy\" class=\"alignnone size-full wp-image-405381\" src=\"http:\/\/www.futboltotal.com.mx\/wp-content\/uploads\/2016\/06\/juan-carlos-osorio-seleccion-mexicana-noticias-2-1.jpg\" alt=\"juan-carlos-osorio-seleccion-mexicana-noticias-2\" srcset=\"http:\/\/desarrollo.grupomedios.com\/futbol\/wp-content\/uploads\/2016\/06\/juan-carlos-osorio-seleccion-mexicana-noticias-2-1.jpg 858w, http:\/\/desarrollo.grupomedios.com\/futbol\/wp-content\/uploads\/2016\/06\/juan-carlos-osorio-seleccion-mexicana-noticias-2-1-300x151.jpg 300w, http:\/\/desarrollo.grupomedios.com\/futbol\/wp-content\/uploads\/2016\/06\/juan-carlos-osorio-seleccion-mexicana-noticias-2-1-768x386.jpg 768w, http:\/\/desarrollo.grupomedios.com\/futbol\/wp-content\/uploads\/2016\/06\/juan-carlos-osorio-seleccion-mexicana-noticias-2-1-340x171.jpg 340w\" sizes=\"(max-width: 858px) 100vw, 858px\" \/><\/a><\/p>\n<p><span style=\"color: #ff0000;\"><strong>Antonio Mohamed<\/strong><\/span> | En meses pasado, el <em>Turco<\/em> confes\u00f3 que una de sus mayores ilusiones y al mismo tiempo su objetivo, es dirigir a la <strong>Selecci\u00f3n Mexicana<\/strong>, hecho que puede ser factible gracias a los campeonatos con Tijuana y Am\u00e9rica, adem\u00e1s del reciente liderato con Monterrey.<\/p>\n<p><span style=\"color: #ff0000;\"><strong>Ra\u00fal Guti\u00e9rrez<\/strong> <\/span>| Despu\u00e9s de su experiencia con las categor\u00edas inferiores, el <em>Potro<\/em> luce como un candidato natural para suplir a Osorio en caso que sea necesario, aunque su prioridad es la actuaci\u00f3n en los Juegos Ol\u00edmpicos de R\u00edos 2016.<\/p>\n<p><span style=\"color: #ff0000;\"><strong>Ricardo Ferretti<\/strong><\/span> | Hace un par de a\u00f1os, pesar que <em>Tuca<\/em> aceptara llegar al <em>Tri<\/em>, era una idea casi descabellada;\u00a0empero\u00a0el propio timonel de Tigres ya tuvo un breve paso, mismo que result\u00f3 del agrado de la afici\u00f3n que incluso considera que ser\u00eda perfecto para el cargo.<\/p>\n<p><span style=\"color: #ff0000;\"><strong>VIDEO<\/strong>: Las 10 peores Panenkas de la historia<\/span><\/p>\n<p>[video_player]https:\/\/player.vimeo.com\/external\/171433638.sd.mp4?s=78404ffed0660d7b888d883dca6a4754abbef8df&amp;profile_id=165[\/video_player]<\/p>\n","protected":false},"excerpt":{"rendered":"<p>Estos podr\u00edan ser los posibles sustitutos de Juan Carlos Osorio <\/p>\n","protected":false},"author":20,"featured_media":405380,"comment_status":"closed","ping_status":"closed","sticky":false,"template":"","format":"standard","meta":[],"categories":[2198,3847,5950],"tags":[6196,5979],"_links":{"self":[{"href":"http:\/\/desarrollo.grupomedios.com\/futbol\/wp-json\/wp\/v2\/posts\/405373"}],"collection":[{"href":"http:\/\/desarrollo.grupomedios.com\/futbol\/wp-json\/wp\/v2\/posts"}],"about":[{"href":"http:\/\/desarrollo.grupomedios.com\/futbol\/wp-json\/wp\/v2\/types\/post"}],"author":[{"embeddable":true,"href":"http:\/\/desarrollo.grupomedios.com\/futbol\/wp-json\/wp\/v2\/users\/20"}],"replies":[{"embeddable":true,"href":"http:\/\/desarrollo.grupomedios.com\/futbol\/wp-json\/wp\/v2\/comments?post=405373"}],"version-history":[{"count":0,"href":"http:\/\/desarrollo.grupomedios.com\/futbol\/wp-json\/wp\/v2\/posts\/405373\/revisions"}],"wp:featuredmedia":[{"embeddable":true,"href":"http:\/\/desarrollo.grupomedios.com\/futbol\/wp-json\/wp\/v2\/media\/405380"}],"wp:attachment":[{"href":"http:\/\/desarrollo.grupomedios.com\/futbol\/wp-json\/wp\/v2\/media?parent=405373"}],"wp:term":[{"taxonomy":"category","embeddable":true,"href":"http:\/\/desarrollo.grupomedios.com\/futbol\/wp-json\/wp\/v2\/categories?post=405373"},{"taxonomy":"post_tag","embeddable":true,"href":"http:\/\/desarrollo.grupomedios.com\/futbol\/wp-json\/wp\/v2\/tags?post=405373"}],"curies":[{"name":"wp","href":"https:\/\/api.w.org\/{rel}","templated":true}]}}