{"id":405490,"date":"2016-06-22T13:29:49","date_gmt":"2016-06-22T19:29:49","guid":{"rendered":"http:\/\/www.futboltotal.com.mx\/?p=405490"},"modified":"2016-06-22T13:29:49","modified_gmt":"2016-06-22T19:29:49","slug":"maradona-30-anos-del-eclipse-gol","status":"publish","type":"post","link":"http:\/\/desarrollo.grupomedios.com\/futbol\/destacado-home\/maradona-30-anos-del-eclipse-gol\/2016\/06","title":{"rendered":"Maradona: 30 a\u00f1os del eclipse de gol"},"content":{"rendered":"<p><strong>Diego Armando Maradona<\/strong> ha sido siempre -como todo hombre con gran poder o gran influencia- una figura de claroscuros, de contrastes muy pronunciados. La muestra m\u00e1s grande de <a href=\"http:\/\/www.futboltotal.com.mx\/2016\/06\/messi-personalidad-lider-maradona\/\" target=\"_blank\">las contradicciones que encarna el Diego<\/a> ocurri\u00f3 hace 30 a\u00f1os.<\/p>\n<p>No hubo antes y no hubo nunca m\u00e1s en el futbol una ocasi\u00f3n en la que un solo individuo personificara, en un lapso tan breve, dos papeles enfrentados a tal grado, tan distintos y capaces de merecer juicios tan opuestos. Todo en cuesti\u00f3n de cinco minutos.<\/p>\n<p>Era el mediod\u00eda en M\u00e9xico. El 22 de junio de 1986, la capital del pa\u00eds serv\u00eda de escenario en el Distrito Federal para algo m\u00e1s que un partido de futbol; era una suerte de continuaci\u00f3n de una guerra que arranc\u00f3 cuatro a\u00f1os antes, cuando Inglaterra y Argentina se disputaron la soberan\u00eda de las Islas Malvinas. Era un nuevo cap\u00edtulo de aquel enfrentamiento porque, para <strong>Maradona<\/strong>, el choque \u201cera como ganarle a un pa\u00eds\u201d.<\/p>\n<p style=\"text-align: center;\"><span style=\"color: #3366ff;\"><strong><a style=\"color: #3366ff;\" href=\"http:\/\/www.futboltotal.com.mx\/2016\/06\/maradona-revela-increible-historia\/\">LEER M\u00c1S: Maradona revela incre\u00edble historia\u2026<\/a><\/strong><\/span><\/p>\n<p>Con el sol cayendo a plomo sobre el c\u00e9sped del Azteca, se llev\u00f3 a cabo el duelo de cuartos de final de la Copa del Mundo entre la <em>Albiceleste<\/em> y el <em>Cuadro de la Rosa<\/em>. Toda la primera mitad, el marcador se mantuvo intacto, congelado. Hasta que se resquebraj\u00f3 con una fechor\u00eda <em>made in<\/em> <a href=\"http:\/\/www.futboltotal.com.mx\/2015\/10\/diego-armando-maradona-el-d10s-terrenal\/\" target=\"_blank\">Villa Fiorito, el barrio pobre de Buenos Aires donde se cri\u00f3 el Diego<\/a>.<\/p>\n<p>Seis minutos despu\u00e9s del descanso, ocurri\u00f3 una de las trampas m\u00e1s obscuras en la historia del juego. <strong>Maradona<\/strong> condujo hasta los linderos del \u00e1rea y quiso tirar una pared con Valdano, que fall\u00f3 en el control de la pelota\u2026 el ingl\u00e9s Steve Hodge intenta cortar el viaje del esf\u00e9rico y lo manda en direcci\u00f3n a su arco, desde donde Peter Shilton sale por \u00e9l. Es entonces cuando el <em>Pelusa<\/em> pega un salto para rematar y lo logra. Solo que lo hace con la mano.<\/p>\n<p><iframe loading=\"lazy\" src=\"https:\/\/www.youtube.com\/embed\/gK2z5-cceP4?feature=oembed\" frameborder=\"0\" allowfullscreen><\/iframe><\/p>\n<p>La pelota acaba en la red y el 10, \u00e1gil de mente tanto como de pies, sale corriendo a la banda a celebrar. Segundos despu\u00e9s, festejaba con el pu\u00f1o izquierdo por todo lo alto, como presumiendo el arma con que acababa de acuchillar a los ingleses (con la que les \u201crob\u00f3 la billetera\u201d, como dir\u00eda muchos a\u00f1os despu\u00e9s).<\/p>\n<p><strong>Maradona<\/strong> acababa de perpetrar un crimen, un atentado contra el esp\u00edritu deportivo, una canallada que merec\u00eda ser condenada para siempre.\u00a0El problema fue que la eternidad dur\u00f3 menos de cinco minutos. Ese fue el tiempo que el Diego tard\u00f3 en cambiar de personaje.<\/p>\n<p><a href=\"http:\/\/www.futboltotal.com.mx\/wp-content\/uploads\/2016\/06\/manodedios.jpg\" rel=\"attachment wp-att-405496\"><img decoding=\"async\" loading=\"lazy\" class=\"alignnone size-full wp-image-405496\" src=\"http:\/\/www.futboltotal.com.mx\/wp-content\/uploads\/2016\/06\/manodedios.jpg\" alt=\"manodedios\" srcset=\"http:\/\/desarrollo.grupomedios.com\/futbol\/wp-content\/uploads\/2016\/06\/manodedios.jpg 858w, http:\/\/desarrollo.grupomedios.com\/futbol\/wp-content\/uploads\/2016\/06\/manodedios-300x151.jpg 300w, http:\/\/desarrollo.grupomedios.com\/futbol\/wp-content\/uploads\/2016\/06\/manodedios-768x386.jpg 768w, http:\/\/desarrollo.grupomedios.com\/futbol\/wp-content\/uploads\/2016\/06\/manodedios-340x171.jpg 340w\" sizes=\"(max-width: 858px) 100vw, 858px\" \/><\/a><\/p>\n<p><span style=\"color: #ff0000;\">Se hizo la luz |\u00a0<\/span>El futbol se hab\u00eda ensombrecido con aquel gol tramposo del 10 argentino. Los ingleses no terminaban a\u00fan de salir del <em>shock<\/em> provocado por lo que <strong>Maradona<\/strong> llam\u00f3 luego \u201cLa mano de Dios\u201d, cuando sucedi\u00f3 otro fen\u00f3meno, este de proporciones todav\u00eda m\u00e1s grandes e impactantes. Un prodigio que no solo sacudi\u00f3 a los ingleses, sino al resto del mundo y a la historia del futbol misma.<\/p>\n<p style=\"text-align: center;\"><strong><span style=\"color: #3366ff;\"><a style=\"color: #3366ff;\" href=\"http:\/\/www.futboltotal.com.mx\/2015\/10\/top-5-polemicas-de-diego-armando-maradona\/\" target=\"_blank\">LEER M\u00c1S: TOP 5 Pol\u00e9micas de Diego Armando Maradona<\/a><\/span><\/strong><\/p>\n<p>V\u00edctor Hugo Morales, todav\u00eda reponi\u00e9ndose del bochorno de admitir que hab\u00eda celebrado una trampa a trav\u00e9s de la televisi\u00f3n (\u201cEl gol fue con la mano\u2026 lo grito con el alma, pero tengo que decirles lo que pienso\u201d), comenz\u00f3 a narrar una acci\u00f3n que \u00e9l mismo definir\u00eda instantes despu\u00e9s -con una precisi\u00f3n astron\u00f3mica y premonitoria- como <em>La jugada de todos los tiempos<\/em>.<\/p>\n<p>\u201cAh\u00ed la tiene <strong>Maradona<\/strong>, lo marcan dos, arranca por la derecha el genio del futbol mundial\u2026\u201d, se puede escuchar decir a Morales en <em>Youtube<\/em>. Es lo primero que dice al arranque de la jugada que inicia el Diego, la que lo consagr\u00f3 en definitiva como <em>D10S<\/em> (decir esto no es una exageraci\u00f3n, tomando en cuenta que Jorge Valdano -el compa\u00f1ero que estaba en el centro del \u00e1rea, esperando la pelota que <strong>Maradona<\/strong> no le iba a dar nunca- le dijo tras el partido, en las regaderas del Azteca: \u201cYa est\u00e1, te acabas de sentar en el mismo lugar que <em>Pel\u00e9<\/em>\u201d).<\/p>\n<p><a href=\"http:\/\/www.futboltotal.com.mx\/wp-content\/uploads\/2016\/06\/maradona.jpg\" rel=\"attachment wp-att-405497\"><img decoding=\"async\" loading=\"lazy\" class=\"alignnone size-full wp-image-405497\" src=\"http:\/\/www.futboltotal.com.mx\/wp-content\/uploads\/2016\/06\/maradona.jpg\" alt=\"maradona\" srcset=\"http:\/\/desarrollo.grupomedios.com\/futbol\/wp-content\/uploads\/2016\/06\/maradona.jpg 858w, http:\/\/desarrollo.grupomedios.com\/futbol\/wp-content\/uploads\/2016\/06\/maradona-300x151.jpg 300w, http:\/\/desarrollo.grupomedios.com\/futbol\/wp-content\/uploads\/2016\/06\/maradona-768x386.jpg 768w, http:\/\/desarrollo.grupomedios.com\/futbol\/wp-content\/uploads\/2016\/06\/maradona-340x171.jpg 340w\" sizes=\"(max-width: 858px) 100vw, 858px\" \/><\/a><\/p>\n<p>A partir de que el Diego recibe la pelota, inicia una galopada en la que va dejando atr\u00e1s y sembrando ingleses (cinco, contando a Shilton) a base de aceleraci\u00f3n, gambeta, conducci\u00f3n, cambios de ritmo, amagues y recortes, que culmina con la pelota en el fondo de las redes.<\/p>\n<p>A medida que la jugada progresa, se advierte con claridad la transformaci\u00f3n de Morales en su voz; conforme el <em>Genio del futbol Mundial<\/em> se aproxima al arco, la cancha, la pelota y el futbol mismo se van iluminando de nuevo, hasta culminar en una explosi\u00f3n de euforia y de luz que terminan por embriagar al narrador y poni\u00e9ndolo a llorar ante el milagro que acaba de contemplar.<\/p>\n<p><iframe loading=\"lazy\" src=\"https:\/\/www.youtube.com\/embed\/O8G9ytZg-bM?feature=oembed\" frameborder=\"0\" allowfullscreen><\/iframe><\/p>\n<p>Enloquecido, Morales se desga\u00f1ita: \u201c\u00a1Quiero llorar! \u00a1Dios santo, viva el futbol!\u201d, mientras asimila que el Diego acaba de limpiar su propio pecado con la fuerza de su virtud.<\/p>\n<p>Lo que hizo el 10 fue tan deslumbrante y dej\u00f3 a Morales tan fuera de s\u00ed que a\u00f1os despu\u00e9s este admiti\u00f3 la verg\u00fcenza que siente cuando escucha la narraci\u00f3n: \u201cEra como si me hubiese emborrachado, quitado la ropa y hubiese salido a correr por la calle\u201d.<\/p>\n<p>Lo cierto es que la locura del periodista y la del resto del mundo estuvieron justificadas aquella tarde mexicana, cuando el Diego\u00a0llev\u00f3 al mundo -con una pelota y en cuesti\u00f3n de minutos- de la rabia a la euforia, de la indignaci\u00f3n a la adoraci\u00f3n, de lo grotesco a lo sublime, de la felon\u00eda al arte, de la negrura absoluta al brillo irresistible.<\/p>\n<p>As\u00ed pasa con los tipos como <strong>Maradona<\/strong>, con claroscuros tan pronunciados y personalidades contradictorias al grado que son capaces de provocar por s\u00ed solos un eclipse cuyos efectos siguen vivos tres d\u00e9cadas despu\u00e9s.<\/p>\n","protected":false},"excerpt":{"rendered":"<p>La trampa m\u00e1s grande y el gol m\u00e1s espectacular en la historia. Todo en la misma tarde<\/p>\n","protected":false},"author":20,"featured_media":405495,"comment_status":"closed","ping_status":"closed","sticky":false,"template":"","format":"standard","meta":[],"categories":[5,3839],"tags":[690,1465,249],"_links":{"self":[{"href":"http:\/\/desarrollo.grupomedios.com\/futbol\/wp-json\/wp\/v2\/posts\/405490"}],"collection":[{"href":"http:\/\/desarrollo.grupomedios.com\/futbol\/wp-json\/wp\/v2\/posts"}],"about":[{"href":"http:\/\/desarrollo.grupomedios.com\/futbol\/wp-json\/wp\/v2\/types\/post"}],"author":[{"embeddable":true,"href":"http:\/\/desarrollo.grupomedios.com\/futbol\/wp-json\/wp\/v2\/users\/20"}],"replies":[{"embeddable":true,"href":"http:\/\/desarrollo.grupomedios.com\/futbol\/wp-json\/wp\/v2\/comments?post=405490"}],"version-history":[{"count":0,"href":"http:\/\/desarrollo.grupomedios.com\/futbol\/wp-json\/wp\/v2\/posts\/405490\/revisions"}],"wp:featuredmedia":[{"embeddable":true,"href":"http:\/\/desarrollo.grupomedios.com\/futbol\/wp-json\/wp\/v2\/media\/405495"}],"wp:attachment":[{"href":"http:\/\/desarrollo.grupomedios.com\/futbol\/wp-json\/wp\/v2\/media?parent=405490"}],"wp:term":[{"taxonomy":"category","embeddable":true,"href":"http:\/\/desarrollo.grupomedios.com\/futbol\/wp-json\/wp\/v2\/categories?post=405490"},{"taxonomy":"post_tag","embeddable":true,"href":"http:\/\/desarrollo.grupomedios.com\/futbol\/wp-json\/wp\/v2\/tags?post=405490"}],"curies":[{"name":"wp","href":"https:\/\/api.w.org\/{rel}","templated":true}]}}